{"id":10112,"date":"2023-06-02T09:43:19","date_gmt":"2023-06-02T08:43:19","guid":{"rendered":"https:\/\/cellieu.fr\/press3\/mairie\/?p=10112"},"modified":"2023-06-02T09:44:34","modified_gmt":"2023-06-02T08:44:34","slug":"information-sur-les-risques-lies-au-fortes-chaleurs-et-a-la-canicule-2023","status":"publish","type":"post","link":"https:\/\/cellieu.fr\/press3\/mairie\/2023\/06\/02\/information-sur-les-risques-lies-au-fortes-chaleurs-et-a-la-canicule-2023\/","title":{"rendered":"Information sur les risques li\u00e9s au fortes chaleurs et \u00e0 la canicule 2023."},"content":{"rendered":"<p>&nbsp;<\/p>\n<p>&nbsp;<\/p>\n<p style=\"text-align: left\">Comme chaque ann\u00e9e dans le cadre du <strong><em>Plan National Canicule<\/em><\/strong>, et au regard des \u00e9pisodes de fortes chaleurs enregistr\u00e9s les ann\u00e9es pass\u00e9es, <strong><em>le minist\u00e8re de la Sant\u00e9 et de la Pr\u00e9vention et Sant\u00e9 Publique France<\/em><\/strong> lancent la campagne d&#8217;information et de pr\u00e9vention des risques li\u00e9s aux fortes chaleurs.<\/p>\n<p style=\"text-align: left\">L&#8217;\u00e9t\u00e9 2022 a \u00e9t\u00e9 particuli\u00e8rement marquant du fait des \u00e9pisodes de fortes chaleurs:<\/p>\n<ul style=\"text-align: left\">\n<li>R\u00e9p\u00e9titifs et de plus en plus pr\u00e9coces &#8211; avec une premi\u00e8res canicule d\u00e8s juin,<\/li>\n<li>Intenses &#8211; avec plusieurs pics de temp\u00e9ratures sup\u00e9rieurs \u00e0 40\u00b0C,<\/li>\n<li>Durables dans le temps &#8211; avec de longues p\u00e9riodes notamment dans la partie du Sud de la France<\/li>\n<\/ul>\n<p style=\"text-align: left\">En 2022, on a compt\u00e9 2816 d\u00e9c\u00e8s en exc\u00e8s principalement parmi les 75 ans et plus, ainsi qu&#8217;une augmentation du recours aux soins.<\/p>\n<p style=\"text-align: left\">Ces constats montrent l&#8217;importance de continuer \u00e0 sensibiliser l&#8217; ensemble de la population aux risques sanitaires li\u00e9s aux fortes chaleurs et de rappeler les conseils pour se prot\u00e9ger.<\/p>\n<p style=\"text-align: center\"><img loading=\"lazy\" decoding=\"async\" class=\"alignnone size-medium wp-image-10114\" src=\"https:\/\/cellieu.fr\/press3\/mairie\/wp-content\/uploads\/sites\/2\/2023\/06\/aff_fortes_chaleurs_protegez_vous-197x300.jpg\" alt=\"\" width=\"197\" height=\"300\" srcset=\"https:\/\/cellieu.fr\/press3\/mairie\/wp-content\/uploads\/sites\/2\/2023\/06\/aff_fortes_chaleurs_protegez_vous-197x300.jpg 197w, https:\/\/cellieu.fr\/press3\/mairie\/wp-content\/uploads\/sites\/2\/2023\/06\/aff_fortes_chaleurs_protegez_vous.jpg 368w\" sizes=\"auto, (max-width: 197px) 100vw, 197px\" \/>\u00a0<img loading=\"lazy\" decoding=\"async\" class=\"alignnone size-full wp-image-10116\" src=\"https:\/\/cellieu.fr\/press3\/mairie\/wp-content\/uploads\/sites\/2\/2023\/06\/image.png\" alt=\"\" width=\"196\" height=\"257\" \/><\/p>\n","protected":false},"excerpt":{"rendered":"<p>&nbsp; &nbsp; Comme chaque ann\u00e9e dans le cadre du Plan National Canicule, et au regard des \u00e9pisodes de fortes chaleurs enregistr\u00e9s les ann\u00e9es pass\u00e9es, le minist\u00e8re de la Sant\u00e9 et de la Pr\u00e9vention et Sant\u00e9 Publique France lancent la campagne d&#8217;information et de pr\u00e9vention des risques li\u00e9s aux fortes chaleurs. L&#8217;\u00e9t\u00e9 2022 a \u00e9t\u00e9 particuli\u00e8rement [&hellip;]<\/p>\n","protected":false},"author":27,"featured_media":5126,"comment_status":"closed","ping_status":"closed","sticky":false,"template":"","format":"standard","meta":{"wikipediapreview_detectlinks":true,"ngg_post_thumbnail":0,"_jetpack_memberships_contains_paid_content":false,"footnotes":""},"categories":[1],"tags":[],"class_list":["post-10112","post","type-post","status-publish","format-standard","has-post-thumbnail","hentry","category-non-classe"],"jetpack_featured_media_url":"https:\/\/cellieu.fr\/press3\/mairie\/wp-content\/uploads\/sites\/2\/2018\/11\/logo_inpes_sante.png","jetpack_sharing_enabled":true,"_links":{"self":[{"href":"https:\/\/cellieu.fr\/press3\/mairie\/wp-json\/wp\/v2\/posts\/10112","targetHints":{"allow":["GET"]}}],"collection":[{"href":"https:\/\/cellieu.fr\/press3\/mairie\/wp-json\/wp\/v2\/posts"}],"about":[{"href":"https:\/\/cellieu.fr\/press3\/mairie\/wp-json\/wp\/v2\/types\/post"}],"author":[{"embeddable":true,"href":"https:\/\/cellieu.fr\/press3\/mairie\/wp-json\/wp\/v2\/users\/27"}],"replies":[{"embeddable":true,"href":"https:\/\/cellieu.fr\/press3\/mairie\/wp-json\/wp\/v2\/comments?post=10112"}],"version-history":[{"count":7,"href":"https:\/\/cellieu.fr\/press3\/mairie\/wp-json\/wp\/v2\/posts\/10112\/revisions"}],"predecessor-version":[{"id":10121,"href":"https:\/\/cellieu.fr\/press3\/mairie\/wp-json\/wp\/v2\/posts\/10112\/revisions\/10121"}],"wp:featuredmedia":[{"embeddable":true,"href":"https:\/\/cellieu.fr\/press3\/mairie\/wp-json\/wp\/v2\/media\/5126"}],"wp:attachment":[{"href":"https:\/\/cellieu.fr\/press3\/mairie\/wp-json\/wp\/v2\/media?parent=10112"}],"wp:term":[{"taxonomy":"category","embeddable":true,"href":"https:\/\/cellieu.fr\/press3\/mairie\/wp-json\/wp\/v2\/categories?post=10112"},{"taxonomy":"post_tag","embeddable":true,"href":"https:\/\/cellieu.fr\/press3\/mairie\/wp-json\/wp\/v2\/tags?post=10112"}],"curies":[{"name":"wp","href":"https:\/\/api.w.org\/{rel}","templated":true}]}}