{"id":10126,"date":"2023-06-05T10:33:26","date_gmt":"2023-06-05T09:33:26","guid":{"rendered":"https:\/\/cellieu.fr\/press3\/mairie\/?p=10126"},"modified":"2023-06-05T10:35:08","modified_gmt":"2023-06-05T09:35:08","slug":"3-plan-de-protection-de-latmosphere-saint-etienne-loire-forez","status":"publish","type":"post","link":"https:\/\/cellieu.fr\/press3\/mairie\/2023\/06\/05\/3-plan-de-protection-de-latmosphere-saint-etienne-loire-forez\/","title":{"rendered":"3\u00b0 Plan de Protection de l&#8217;Atmosph\u00e8re Saint-Etienne &#8211; Loire &#8211; Forez"},"content":{"rendered":"<p><strong><em>Qu&#8217;est-ce que le PPA?<\/em><\/strong><\/p>\n<p>Une obligation r\u00e9glementaire : le PPA est obligatoire pour les agglom\u00e9rations de + de 250 000 habitants.<\/p>\n<p>Une n\u00e9cessit\u00e9 sanitaire et environnementale: <em>une exposition \u00e0 de trop fortes concentrations de polluants<\/em> atmosph\u00e9riques engendre notamment:<\/p>\n<ul>\n<li>Irritations, insuffisances pulmonaires, pathologies respiratoires,<\/li>\n<li>Pluies acides, d\u00e9s\u00e9quilibre des sols, alt\u00e9ration de la photosynth\u00e8se.<\/li>\n<\/ul>\n<p>La r\u00e9ponse par anticipation, adapt\u00e9e au territoire, de l&#8217;application du <em>Plan national de r\u00e9duction des Emissions de Polluants Atmosph\u00e9riques (PREPA)<\/em> \u00e0 horizon 2030 et de <em>la loi Climat et R\u00e9silience.<\/em><\/p>\n<p><a href=\"https:\/\/www.auvergne-rhone-alpes.developpement-durable.gouv.fr\/approbation-du-ppa3-de-saint-etienne-loire-forez-a23546.html\" target=\"_blank\" rel=\"noopener\">http:\/\/Approbation du PPA3 de Saint-\u00c9tienne-Loire-Forez | DREAL Auvergne-Rh\u00f4ne-Alpes (developpement-durable.gouv.fr)<\/a><\/p>\n<p>&nbsp;<\/p>\n","protected":false},"excerpt":{"rendered":"<p>Qu&#8217;est-ce que le PPA? Une obligation r\u00e9glementaire : le PPA est obligatoire pour les agglom\u00e9rations de + de 250 000 habitants. Une n\u00e9cessit\u00e9 sanitaire et environnementale: une exposition \u00e0 de trop fortes concentrations de polluants atmosph\u00e9riques engendre notamment: Irritations, insuffisances pulmonaires, pathologies respiratoires, Pluies acides, d\u00e9s\u00e9quilibre des sols, alt\u00e9ration de la photosynth\u00e8se. La r\u00e9ponse par [&hellip;]<\/p>\n","protected":false},"author":27,"featured_media":10128,"comment_status":"closed","ping_status":"closed","sticky":false,"template":"","format":"standard","meta":{"wikipediapreview_detectlinks":true,"ngg_post_thumbnail":0,"_jetpack_memberships_contains_paid_content":false,"footnotes":""},"categories":[1],"tags":[],"class_list":["post-10126","post","type-post","status-publish","format-standard","has-post-thumbnail","hentry","category-non-classe"],"jetpack_featured_media_url":"https:\/\/cellieu.fr\/press3\/mairie\/wp-content\/uploads\/sites\/2\/2023\/06\/R.png","jetpack_sharing_enabled":true,"_links":{"self":[{"href":"https:\/\/cellieu.fr\/press3\/mairie\/wp-json\/wp\/v2\/posts\/10126","targetHints":{"allow":["GET"]}}],"collection":[{"href":"https:\/\/cellieu.fr\/press3\/mairie\/wp-json\/wp\/v2\/posts"}],"about":[{"href":"https:\/\/cellieu.fr\/press3\/mairie\/wp-json\/wp\/v2\/types\/post"}],"author":[{"embeddable":true,"href":"https:\/\/cellieu.fr\/press3\/mairie\/wp-json\/wp\/v2\/users\/27"}],"replies":[{"embeddable":true,"href":"https:\/\/cellieu.fr\/press3\/mairie\/wp-json\/wp\/v2\/comments?post=10126"}],"version-history":[{"count":1,"href":"https:\/\/cellieu.fr\/press3\/mairie\/wp-json\/wp\/v2\/posts\/10126\/revisions"}],"predecessor-version":[{"id":10127,"href":"https:\/\/cellieu.fr\/press3\/mairie\/wp-json\/wp\/v2\/posts\/10126\/revisions\/10127"}],"wp:featuredmedia":[{"embeddable":true,"href":"https:\/\/cellieu.fr\/press3\/mairie\/wp-json\/wp\/v2\/media\/10128"}],"wp:attachment":[{"href":"https:\/\/cellieu.fr\/press3\/mairie\/wp-json\/wp\/v2\/media?parent=10126"}],"wp:term":[{"taxonomy":"category","embeddable":true,"href":"https:\/\/cellieu.fr\/press3\/mairie\/wp-json\/wp\/v2\/categories?post=10126"},{"taxonomy":"post_tag","embeddable":true,"href":"https:\/\/cellieu.fr\/press3\/mairie\/wp-json\/wp\/v2\/tags?post=10126"}],"curies":[{"name":"wp","href":"https:\/\/api.w.org\/{rel}","templated":true}]}}