{"id":10249,"date":"2023-07-10T13:52:25","date_gmt":"2023-07-10T12:52:25","guid":{"rendered":"https:\/\/cellieu.fr\/press3\/mairie\/?p=10249"},"modified":"2023-07-25T11:53:49","modified_gmt":"2023-07-25T10:53:49","slug":"nouveautes-demarches-carte-grise","status":"publish","type":"post","link":"https:\/\/cellieu.fr\/press3\/mairie\/2023\/07\/10\/nouveautes-demarches-carte-grise\/","title":{"rendered":"Nouveaut\u00e9s: D\u00e9marches carte grise"},"content":{"rendered":"<p><img decoding=\"async\" src=\"https:\/\/cellieu.fr\/press3\/mairie\/wp-content\/uploads\/sites\/2\/2023\/07\/flyer-hoptital-de-jour.pdf\" alt=\"\" \/><img loading=\"lazy\" decoding=\"async\" class=\"alignleft\" src=\"https:\/\/cellieu.fr\/press3\/mairie\/wp-content\/uploads\/sites\/2\/2023\/07\/carte-grise.jpg\" alt=\"\" width=\"350\" height=\"497\" \/><\/p>\n<p><strong><span style=\"font-family: 'Calibri',sans-serif\">Certificat d&#8217;immatriculation : Proc\u00e9dures et nouveaut\u00e9s pour 2023<\/span><\/strong><\/p>\n<p>Le certificat d&#8217;immatriculation, anciennement connu sous le nom de carte grise, dispose d\u00e9sormais d&#8217;un site internet officiel d\u00e9di\u00e9 \u00e0 toutes les d\u00e9marches le concernant :\u00a0<a href=\"https:\/\/immatriculation.ants.gouv.fr\/\" target=\"_blank\" rel=\"noopener\">https:\/\/immatriculation.ants.gouv.<span class=\"gmail-il\">fr<\/span>\/<\/a>. En effet, cette proc\u00e9dure, qui \u00e9tait auparavant effectu\u00e9e aupr\u00e8s de la pr\u00e9fecture, a \u00e9t\u00e9 enti\u00e8rement num\u00e9ris\u00e9e et doit d\u00e9sormais \u00eatre r\u00e9alis\u00e9e en ligne.<\/p>\n<p>Cependant, les personnes rencontrant des difficult\u00e9s pour suivre toutes les \u00e9tapes de la proc\u00e9dure sur le site de l&#8217;ANTS peuvent se tourner vers un guichet France Services. Ces points d&#8217;accueil, mis \u00e0 disposition par l&#8217;\u00c9tat suite \u00e0 la num\u00e9risation d&#8217;une grande partie de ses services, vous accompagnent dans toutes vos d\u00e9marches. Vous pourrez ainsi b\u00e9n\u00e9ficier d&#8217;une assistance gratuite pour toutes les demandes de changement de titulaire (en cas d&#8217;achat d&#8217;un v\u00e9hicule d&#8217;occasion) et de changement d&#8217;adresse (en cas de d\u00e9m\u00e9nagement dans la commune) sur votre certificat d&#8217;immatriculation.<\/p>\n<p>En 2023, le prix final du certificat d&#8217;immatriculation conna\u00eet des modifications, car le seuil d\u00e9clencheur du malus \u00e9cologique est r\u00e9duit. Par cons\u00e9quent, si votre v\u00e9hicule d\u00e9passe ce seuil en termes de pollution, le prix de la carte grise de votre v\u00e9hicule sera impact\u00e9. Un autre \u00e9l\u00e9ment \u00e0 prendre en compte est l&#8217;\u00e9volution de la taxe r\u00e9gionale, qui peut \u00eatre consult\u00e9e aupr\u00e8s de votre r\u00e9gion.<\/p>\n<p><span style=\"font-size: 10.0pt;font-family: 'Arial',sans-serif;color: black\">Pour obtenir plus d&#8217;informations sur ces \u00e9l\u00e9ments et sur les d\u00e9marches relatives au certificat d&#8217;immatriculation. De plus, il est important de contr\u00f4ler avant tout achat, l\u2019historique de son futur v\u00e9hicule. Vous pourrez le faire sur ce site :\u00a0<b><a href=\"https:\/\/www.historique-vehicule.net\/\" target=\"_blank\" rel=\"noopener\"><span style=\"font-weight: normal\">historique-vehicule.net<\/span><\/a><\/b>. L&#8217;ANTS propose \u00e9galement des\u00a0<b><a href=\"https:\/\/www.youtube.com\/watch?v=W1Aagv28NN4\" target=\"_blank\" rel=\"noopener\"><span style=\"font-weight: normal\">vid\u00e9os<\/span><\/a><\/b>\u00a0explicatives, telles que celle-ci, afin de pr\u00e9senter de mani\u00e8re simple la proc\u00e9dure sur son site.<\/span><\/p>\n","protected":false},"excerpt":{"rendered":"<p>Certificat d&#8217;immatriculation : Proc\u00e9dures et nouveaut\u00e9s pour 2023 Le certificat d&#8217;immatriculation, anciennement connu sous le nom de carte grise, dispose d\u00e9sormais d&#8217;un site internet officiel d\u00e9di\u00e9 \u00e0 toutes les d\u00e9marches le concernant :\u00a0https:\/\/immatriculation.ants.gouv.fr\/. En effet, cette proc\u00e9dure, qui \u00e9tait auparavant effectu\u00e9e aupr\u00e8s de la pr\u00e9fecture, a \u00e9t\u00e9 enti\u00e8rement num\u00e9ris\u00e9e et doit d\u00e9sormais \u00eatre r\u00e9alis\u00e9e en [&hellip;]<\/p>\n","protected":false},"author":25,"featured_media":8021,"comment_status":"closed","ping_status":"closed","sticky":false,"template":"","format":"standard","meta":{"wikipediapreview_detectlinks":true,"ngg_post_thumbnail":0,"_jetpack_memberships_contains_paid_content":false,"footnotes":""},"categories":[1],"tags":[],"class_list":["post-10249","post","type-post","status-publish","format-standard","has-post-thumbnail","hentry","category-non-classe"],"jetpack_featured_media_url":"https:\/\/cellieu.fr\/press3\/mairie\/wp-content\/uploads\/sites\/2\/2021\/10\/logo-cellieu-e1643359422870.jpg","jetpack_sharing_enabled":true,"_links":{"self":[{"href":"https:\/\/cellieu.fr\/press3\/mairie\/wp-json\/wp\/v2\/posts\/10249","targetHints":{"allow":["GET"]}}],"collection":[{"href":"https:\/\/cellieu.fr\/press3\/mairie\/wp-json\/wp\/v2\/posts"}],"about":[{"href":"https:\/\/cellieu.fr\/press3\/mairie\/wp-json\/wp\/v2\/types\/post"}],"author":[{"embeddable":true,"href":"https:\/\/cellieu.fr\/press3\/mairie\/wp-json\/wp\/v2\/users\/25"}],"replies":[{"embeddable":true,"href":"https:\/\/cellieu.fr\/press3\/mairie\/wp-json\/wp\/v2\/comments?post=10249"}],"version-history":[{"count":3,"href":"https:\/\/cellieu.fr\/press3\/mairie\/wp-json\/wp\/v2\/posts\/10249\/revisions"}],"predecessor-version":[{"id":10346,"href":"https:\/\/cellieu.fr\/press3\/mairie\/wp-json\/wp\/v2\/posts\/10249\/revisions\/10346"}],"wp:featuredmedia":[{"embeddable":true,"href":"https:\/\/cellieu.fr\/press3\/mairie\/wp-json\/wp\/v2\/media\/8021"}],"wp:attachment":[{"href":"https:\/\/cellieu.fr\/press3\/mairie\/wp-json\/wp\/v2\/media?parent=10249"}],"wp:term":[{"taxonomy":"category","embeddable":true,"href":"https:\/\/cellieu.fr\/press3\/mairie\/wp-json\/wp\/v2\/categories?post=10249"},{"taxonomy":"post_tag","embeddable":true,"href":"https:\/\/cellieu.fr\/press3\/mairie\/wp-json\/wp\/v2\/tags?post=10249"}],"curies":[{"name":"wp","href":"https:\/\/api.w.org\/{rel}","templated":true}]}}