{"id":10256,"date":"2023-07-11T07:44:46","date_gmt":"2023-07-11T06:44:46","guid":{"rendered":"https:\/\/cellieu.fr\/press3\/mairie\/?p=10256"},"modified":"2023-07-12T16:03:58","modified_gmt":"2023-07-12T15:03:58","slug":"attention-travaux-centre-bourg-route-barree","status":"publish","type":"post","link":"https:\/\/cellieu.fr\/press3\/mairie\/2023\/07\/11\/attention-travaux-centre-bourg-route-barree\/","title":{"rendered":"ATTENTION Travaux Centre Bourg Route barr\u00e9e"},"content":{"rendered":"<p style=\"text-align: center\"><strong><em>Attention suite aux travaux de d\u00e9molition en centre bourg <\/em><\/strong><\/p>\n<p style=\"text-align: center\"><strong><em>la Rue des cerisiers sera ferm\u00e9e <\/em><\/strong><\/p>\n<p style=\"text-align: center\"><strong><em>\u00e0 partir du mercredi 12 juillet 2023 et pour une dur\u00e9e d&#8217; une semaine.<\/em><\/strong><\/p>\n<p style=\"text-align: center\">Une d\u00e9viation est mise en place prendre la M106 , Route de Valfleury jusqu&#8217;au Domaine de Chaboud, emprunter la route du Plat pour rejoindre la M37 Rue du march\u00e9, en direction du village<\/p>\n<p style=\"text-align: center\"><strong><em>Possibilit\u00e9 d&#8217;une&nbsp;circulation altern\u00e9e durant le week-end !<\/em><\/strong><\/p>\n<p style=\"text-align: center\">D\u00e9sol\u00e9 pour la g\u00eane occasionn\u00e9e.<\/p>\n","protected":false},"excerpt":{"rendered":"<p>Attention suite aux travaux de d\u00e9molition en centre bourg la Rue des cerisiers sera ferm\u00e9e \u00e0 partir du mercredi 12 juillet 2023 et pour une dur\u00e9e d&#8217; une semaine. Une d\u00e9viation est mise en place prendre la M106 , Route de Valfleury jusqu&#8217;au Domaine de Chaboud, emprunter la route du Plat pour rejoindre la M37 [&hellip;]<\/p>\n","protected":false},"author":27,"featured_media":8021,"comment_status":"closed","ping_status":"closed","sticky":false,"template":"","format":"standard","meta":{"wikipediapreview_detectlinks":true,"ngg_post_thumbnail":0,"_jetpack_memberships_contains_paid_content":false,"footnotes":""},"categories":[1],"tags":[],"class_list":["post-10256","post","type-post","status-publish","format-standard","has-post-thumbnail","hentry","category-non-classe"],"jetpack_featured_media_url":"https:\/\/cellieu.fr\/press3\/mairie\/wp-content\/uploads\/sites\/2\/2021\/10\/logo-cellieu-e1643359422870.jpg","jetpack_sharing_enabled":true,"_links":{"self":[{"href":"https:\/\/cellieu.fr\/press3\/mairie\/wp-json\/wp\/v2\/posts\/10256","targetHints":{"allow":["GET"]}}],"collection":[{"href":"https:\/\/cellieu.fr\/press3\/mairie\/wp-json\/wp\/v2\/posts"}],"about":[{"href":"https:\/\/cellieu.fr\/press3\/mairie\/wp-json\/wp\/v2\/types\/post"}],"author":[{"embeddable":true,"href":"https:\/\/cellieu.fr\/press3\/mairie\/wp-json\/wp\/v2\/users\/27"}],"replies":[{"embeddable":true,"href":"https:\/\/cellieu.fr\/press3\/mairie\/wp-json\/wp\/v2\/comments?post=10256"}],"version-history":[{"count":5,"href":"https:\/\/cellieu.fr\/press3\/mairie\/wp-json\/wp\/v2\/posts\/10256\/revisions"}],"predecessor-version":[{"id":10268,"href":"https:\/\/cellieu.fr\/press3\/mairie\/wp-json\/wp\/v2\/posts\/10256\/revisions\/10268"}],"wp:featuredmedia":[{"embeddable":true,"href":"https:\/\/cellieu.fr\/press3\/mairie\/wp-json\/wp\/v2\/media\/8021"}],"wp:attachment":[{"href":"https:\/\/cellieu.fr\/press3\/mairie\/wp-json\/wp\/v2\/media?parent=10256"}],"wp:term":[{"taxonomy":"category","embeddable":true,"href":"https:\/\/cellieu.fr\/press3\/mairie\/wp-json\/wp\/v2\/categories?post=10256"},{"taxonomy":"post_tag","embeddable":true,"href":"https:\/\/cellieu.fr\/press3\/mairie\/wp-json\/wp\/v2\/tags?post=10256"}],"curies":[{"name":"wp","href":"https:\/\/api.w.org\/{rel}","templated":true}]}}