{"id":10372,"date":"2023-07-31T12:48:34","date_gmt":"2023-07-31T11:48:34","guid":{"rendered":"https:\/\/cellieu.fr\/press3\/mairie\/?p=10372"},"modified":"2023-07-31T12:48:34","modified_gmt":"2023-07-31T11:48:34","slug":"reunion-rentree-stas","status":"publish","type":"post","link":"https:\/\/cellieu.fr\/press3\/mairie\/2023\/07\/31\/reunion-rentree-stas\/","title":{"rendered":"R\u00e9union rentr\u00e9e STAS"},"content":{"rendered":"<p style=\"text-align: center\"><strong>Permanence Rentr\u00e9e STAS<\/strong><\/p>\n<p style=\"text-align: center\"><strong>Mercredi 23 ao\u00fbt 2023 <\/strong><strong>de 16h15 \u00e0 18<\/strong><strong>h15-Place de Verdun<\/strong><\/p>\n<p>&nbsp;<\/p>\n<p><img loading=\"lazy\" decoding=\"async\" class=\"aligncenter\" src=\"https:\/\/cellieu.fr\/press3\/mairie\/wp-content\/uploads\/sites\/2\/2023\/07\/stas.jpg\" alt=\"\" width=\"309\" height=\"467\" \/><\/p>\n","protected":false},"excerpt":{"rendered":"<p>Permanence Rentr\u00e9e STAS Mercredi 23 ao\u00fbt 2023 de 16h15 \u00e0 18h15-Place de Verdun &nbsp;<\/p>\n","protected":false},"author":25,"featured_media":8924,"comment_status":"closed","ping_status":"closed","sticky":false,"template":"","format":"standard","meta":{"wikipediapreview_detectlinks":true,"ngg_post_thumbnail":0,"_jetpack_memberships_contains_paid_content":false,"footnotes":""},"categories":[1],"tags":[],"class_list":["post-10372","post","type-post","status-publish","format-standard","has-post-thumbnail","hentry","category-non-classe"],"jetpack_featured_media_url":"https:\/\/cellieu.fr\/press3\/mairie\/wp-content\/uploads\/sites\/2\/2022\/08\/LOGO-STAS-e1690803931760.jpg","jetpack_sharing_enabled":true,"_links":{"self":[{"href":"https:\/\/cellieu.fr\/press3\/mairie\/wp-json\/wp\/v2\/posts\/10372","targetHints":{"allow":["GET"]}}],"collection":[{"href":"https:\/\/cellieu.fr\/press3\/mairie\/wp-json\/wp\/v2\/posts"}],"about":[{"href":"https:\/\/cellieu.fr\/press3\/mairie\/wp-json\/wp\/v2\/types\/post"}],"author":[{"embeddable":true,"href":"https:\/\/cellieu.fr\/press3\/mairie\/wp-json\/wp\/v2\/users\/25"}],"replies":[{"embeddable":true,"href":"https:\/\/cellieu.fr\/press3\/mairie\/wp-json\/wp\/v2\/comments?post=10372"}],"version-history":[{"count":2,"href":"https:\/\/cellieu.fr\/press3\/mairie\/wp-json\/wp\/v2\/posts\/10372\/revisions"}],"predecessor-version":[{"id":10375,"href":"https:\/\/cellieu.fr\/press3\/mairie\/wp-json\/wp\/v2\/posts\/10372\/revisions\/10375"}],"wp:featuredmedia":[{"embeddable":true,"href":"https:\/\/cellieu.fr\/press3\/mairie\/wp-json\/wp\/v2\/media\/8924"}],"wp:attachment":[{"href":"https:\/\/cellieu.fr\/press3\/mairie\/wp-json\/wp\/v2\/media?parent=10372"}],"wp:term":[{"taxonomy":"category","embeddable":true,"href":"https:\/\/cellieu.fr\/press3\/mairie\/wp-json\/wp\/v2\/categories?post=10372"},{"taxonomy":"post_tag","embeddable":true,"href":"https:\/\/cellieu.fr\/press3\/mairie\/wp-json\/wp\/v2\/tags?post=10372"}],"curies":[{"name":"wp","href":"https:\/\/api.w.org\/{rel}","templated":true}]}}