{"id":11161,"date":"2024-03-04T17:31:42","date_gmt":"2024-03-04T16:31:42","guid":{"rendered":"https:\/\/cellieu.fr\/press3\/mairie\/?p=11161"},"modified":"2024-03-04T17:31:42","modified_gmt":"2024-03-04T16:31:42","slug":"nouveaux-horaires-pour-la-mediatheque","status":"publish","type":"post","link":"https:\/\/cellieu.fr\/press3\/mairie\/2024\/03\/04\/nouveaux-horaires-pour-la-mediatheque\/","title":{"rendered":"Nouveaux horaires pour la m\u00e9diath\u00e8que"},"content":{"rendered":"<p>&nbsp;<\/p>\n<p><img loading=\"lazy\" decoding=\"async\" class=\"alignleft\" src=\"https:\/\/cellieu.fr\/press3\/mairie\/wp-content\/uploads\/sites\/2\/2024\/03\/livres.png\" alt=\"\" width=\"553\" height=\"397\"><\/p>\n<p>&nbsp;<\/p>\n<p>A Partir du 15 mars 2024, la m\u00e9diath\u00e8que sera ferm\u00e9e au public les mardis matin de 10h \u00e0 11h30.<\/p>\n<p>Merci pour votre compr\u00e9hension !<\/p>\n","protected":false},"excerpt":{"rendered":"<p>&nbsp; &nbsp; A Partir du 15 mars 2024, la m\u00e9diath\u00e8que sera ferm\u00e9e au public les mardis matin de 10h \u00e0 11h30. Merci pour votre compr\u00e9hension !<\/p>\n","protected":false},"author":5,"featured_media":0,"comment_status":"closed","ping_status":"closed","sticky":false,"template":"","format":"standard","meta":{"wikipediapreview_detectlinks":true,"ngg_post_thumbnail":0,"_jetpack_memberships_contains_paid_content":false,"footnotes":""},"categories":[11],"tags":[],"class_list":["post-11161","post","type-post","status-publish","format-standard","hentry","category-commune"],"jetpack_featured_media_url":"","jetpack_sharing_enabled":true,"_links":{"self":[{"href":"https:\/\/cellieu.fr\/press3\/mairie\/wp-json\/wp\/v2\/posts\/11161","targetHints":{"allow":["GET"]}}],"collection":[{"href":"https:\/\/cellieu.fr\/press3\/mairie\/wp-json\/wp\/v2\/posts"}],"about":[{"href":"https:\/\/cellieu.fr\/press3\/mairie\/wp-json\/wp\/v2\/types\/post"}],"author":[{"embeddable":true,"href":"https:\/\/cellieu.fr\/press3\/mairie\/wp-json\/wp\/v2\/users\/5"}],"replies":[{"embeddable":true,"href":"https:\/\/cellieu.fr\/press3\/mairie\/wp-json\/wp\/v2\/comments?post=11161"}],"version-history":[{"count":1,"href":"https:\/\/cellieu.fr\/press3\/mairie\/wp-json\/wp\/v2\/posts\/11161\/revisions"}],"predecessor-version":[{"id":11163,"href":"https:\/\/cellieu.fr\/press3\/mairie\/wp-json\/wp\/v2\/posts\/11161\/revisions\/11163"}],"wp:attachment":[{"href":"https:\/\/cellieu.fr\/press3\/mairie\/wp-json\/wp\/v2\/media?parent=11161"}],"wp:term":[{"taxonomy":"category","embeddable":true,"href":"https:\/\/cellieu.fr\/press3\/mairie\/wp-json\/wp\/v2\/categories?post=11161"},{"taxonomy":"post_tag","embeddable":true,"href":"https:\/\/cellieu.fr\/press3\/mairie\/wp-json\/wp\/v2\/tags?post=11161"}],"curies":[{"name":"wp","href":"https:\/\/api.w.org\/{rel}","templated":true}]}}