{"id":12423,"date":"2024-10-23T14:33:11","date_gmt":"2024-10-23T13:33:11","guid":{"rendered":"https:\/\/cellieu.fr\/press3\/mairie\/?p=12423"},"modified":"2024-10-23T14:33:11","modified_gmt":"2024-10-23T13:33:11","slug":"consommation-deau-potable","status":"publish","type":"post","link":"https:\/\/cellieu.fr\/press3\/mairie\/2024\/10\/23\/consommation-deau-potable\/","title":{"rendered":"Consommation d&#8217;eau potable."},"content":{"rendered":"<p style=\"text-align: center\">\nNous vous informons que la qualit\u00e9 de la production de l&#8217; eau potable est d\u00e9sormais r\u00e9tablie<\/p>\n<p style=\"text-align: center\">depuis le 21 octobre 2024 \u00e0 18h00<\/p>\n<p style=\"text-align: center\">en cons\u00e9quence les limitations de l&#8217;usage de l&#8217;eau peuvent \u00eatre lev\u00e9es.<br \/>\n<span style=\"color: #ff0000\"><strong>L&#8217;eau du robinet peut-\u00eatre consomm\u00e9e sans r\u00e9serve.<\/strong><\/span><\/p>\n","protected":false},"excerpt":{"rendered":"<p>Nous vous informons que la qualit\u00e9 de la production de l&#8217; eau potable est d\u00e9sormais r\u00e9tablie depuis le 21 octobre 2024 \u00e0 18h00 en cons\u00e9quence les limitations de l&#8217;usage de l&#8217;eau peuvent \u00eatre lev\u00e9es. L&#8217;eau du robinet peut-\u00eatre consomm\u00e9e sans r\u00e9serve.<\/p>\n","protected":false},"author":5,"featured_media":8021,"comment_status":"closed","ping_status":"closed","sticky":false,"template":"","format":"standard","meta":{"wikipediapreview_detectlinks":true,"ngg_post_thumbnail":0,"_jetpack_memberships_contains_paid_content":false,"footnotes":""},"categories":[19],"tags":[],"class_list":["post-12423","post","type-post","status-publish","format-standard","has-post-thumbnail","hentry","category-st-etienne-metropole"],"jetpack_featured_media_url":"https:\/\/cellieu.fr\/press3\/mairie\/wp-content\/uploads\/sites\/2\/2021\/10\/logo-cellieu-e1643359422870.jpg","jetpack_sharing_enabled":true,"_links":{"self":[{"href":"https:\/\/cellieu.fr\/press3\/mairie\/wp-json\/wp\/v2\/posts\/12423","targetHints":{"allow":["GET"]}}],"collection":[{"href":"https:\/\/cellieu.fr\/press3\/mairie\/wp-json\/wp\/v2\/posts"}],"about":[{"href":"https:\/\/cellieu.fr\/press3\/mairie\/wp-json\/wp\/v2\/types\/post"}],"author":[{"embeddable":true,"href":"https:\/\/cellieu.fr\/press3\/mairie\/wp-json\/wp\/v2\/users\/5"}],"replies":[{"embeddable":true,"href":"https:\/\/cellieu.fr\/press3\/mairie\/wp-json\/wp\/v2\/comments?post=12423"}],"version-history":[{"count":1,"href":"https:\/\/cellieu.fr\/press3\/mairie\/wp-json\/wp\/v2\/posts\/12423\/revisions"}],"predecessor-version":[{"id":12424,"href":"https:\/\/cellieu.fr\/press3\/mairie\/wp-json\/wp\/v2\/posts\/12423\/revisions\/12424"}],"wp:featuredmedia":[{"embeddable":true,"href":"https:\/\/cellieu.fr\/press3\/mairie\/wp-json\/wp\/v2\/media\/8021"}],"wp:attachment":[{"href":"https:\/\/cellieu.fr\/press3\/mairie\/wp-json\/wp\/v2\/media?parent=12423"}],"wp:term":[{"taxonomy":"category","embeddable":true,"href":"https:\/\/cellieu.fr\/press3\/mairie\/wp-json\/wp\/v2\/categories?post=12423"},{"taxonomy":"post_tag","embeddable":true,"href":"https:\/\/cellieu.fr\/press3\/mairie\/wp-json\/wp\/v2\/tags?post=12423"}],"curies":[{"name":"wp","href":"https:\/\/api.w.org\/{rel}","templated":true}]}}