{"id":12485,"date":"2024-10-29T17:38:08","date_gmt":"2024-10-29T16:38:08","guid":{"rendered":"https:\/\/cellieu.fr\/press3\/mairie\/?p=12485"},"modified":"2024-10-29T17:38:08","modified_gmt":"2024-10-29T16:38:08","slug":"fermeture-de-la-mediatheque-5","status":"publish","type":"post","link":"https:\/\/cellieu.fr\/press3\/mairie\/2024\/10\/29\/fermeture-de-la-mediatheque-5\/","title":{"rendered":"Fermeture de la M\u00e9diath\u00e8que"},"content":{"rendered":"<p style=\"text-align: center\"><em><strong>La M\u00e9diath\u00e8que est ferm\u00e9e cette semaine<\/strong><\/em><\/p>\n<p style=\"text-align: center\"><em><strong>R\u00e9ouverture mardi 05 novembre 2024<\/strong><\/em><\/p>\n<p style=\"text-align: center\"><em><strong>Bonnes Vacances<\/strong><\/em><\/p>\n","protected":false},"excerpt":{"rendered":"<p>La M\u00e9diath\u00e8que est ferm\u00e9e cette semaine R\u00e9ouverture mardi 05 novembre 2024 Bonnes Vacances<\/p>\n","protected":false},"author":25,"featured_media":8021,"comment_status":"closed","ping_status":"closed","sticky":false,"template":"","format":"standard","meta":{"wikipediapreview_detectlinks":true,"ngg_post_thumbnail":0,"_jetpack_memberships_contains_paid_content":false,"footnotes":""},"categories":[1],"tags":[],"class_list":["post-12485","post","type-post","status-publish","format-standard","has-post-thumbnail","hentry","category-non-classe"],"jetpack_featured_media_url":"https:\/\/cellieu.fr\/press3\/mairie\/wp-content\/uploads\/sites\/2\/2021\/10\/logo-cellieu-e1643359422870.jpg","jetpack_sharing_enabled":true,"_links":{"self":[{"href":"https:\/\/cellieu.fr\/press3\/mairie\/wp-json\/wp\/v2\/posts\/12485","targetHints":{"allow":["GET"]}}],"collection":[{"href":"https:\/\/cellieu.fr\/press3\/mairie\/wp-json\/wp\/v2\/posts"}],"about":[{"href":"https:\/\/cellieu.fr\/press3\/mairie\/wp-json\/wp\/v2\/types\/post"}],"author":[{"embeddable":true,"href":"https:\/\/cellieu.fr\/press3\/mairie\/wp-json\/wp\/v2\/users\/25"}],"replies":[{"embeddable":true,"href":"https:\/\/cellieu.fr\/press3\/mairie\/wp-json\/wp\/v2\/comments?post=12485"}],"version-history":[{"count":1,"href":"https:\/\/cellieu.fr\/press3\/mairie\/wp-json\/wp\/v2\/posts\/12485\/revisions"}],"predecessor-version":[{"id":12486,"href":"https:\/\/cellieu.fr\/press3\/mairie\/wp-json\/wp\/v2\/posts\/12485\/revisions\/12486"}],"wp:featuredmedia":[{"embeddable":true,"href":"https:\/\/cellieu.fr\/press3\/mairie\/wp-json\/wp\/v2\/media\/8021"}],"wp:attachment":[{"href":"https:\/\/cellieu.fr\/press3\/mairie\/wp-json\/wp\/v2\/media?parent=12485"}],"wp:term":[{"taxonomy":"category","embeddable":true,"href":"https:\/\/cellieu.fr\/press3\/mairie\/wp-json\/wp\/v2\/categories?post=12485"},{"taxonomy":"post_tag","embeddable":true,"href":"https:\/\/cellieu.fr\/press3\/mairie\/wp-json\/wp\/v2\/tags?post=12485"}],"curies":[{"name":"wp","href":"https:\/\/api.w.org\/{rel}","templated":true}]}}