{"id":12529,"date":"2024-11-05T13:45:53","date_gmt":"2024-11-05T12:45:53","guid":{"rendered":"https:\/\/cellieu.fr\/press3\/mairie\/?p=12529"},"modified":"2024-11-05T15:00:57","modified_gmt":"2024-11-05T14:00:57","slug":"reconnaissance-en-catastrophe-naturelle","status":"publish","type":"post","link":"https:\/\/cellieu.fr\/press3\/mairie\/2024\/11\/05\/reconnaissance-en-catastrophe-naturelle\/","title":{"rendered":"Reconnaissance en catastrophe naturelle"},"content":{"rendered":"<div style=\"text-align: center\"><strong>La commune de Cellieu est reconnue en \u00e9tat de catastrophe naturelle<\/strong><br \/>\nsuite aux inondations du 17 octobre dernier.<br \/>\nCela permet aux sinistr\u00e9s de b\u00e9n\u00e9ficier d&#8217;une prise en charge par leurs assurances.<\/div>\n<p style=\"text-align: center\"><strong>Les sinistr\u00e9s disposent d&#8217;un d\u00e9lai de 30 jours pour faire leur d\u00e9claration aupr\u00e8s de leur assurance.<\/strong><\/p>\n<p style=\"text-align: center\"><span style=\"color: #ff0000\"><strong>\u00e0 compter du 05\/11\/2024 date de la publication.<\/strong><\/span><\/p>\n<p style=\"text-align: center\">Si vous \u00eates concern\u00e9, vous devez faire votre d\u00e9claration rapidement et pensez \u00e0 vous signaler en mairie !<\/p>\n<p style=\"text-align: center\"><a href=\"https:\/\/www.legifrance.gouv.fr\/download\/pdf?id=NFWft0FsCx4ykbroKcmfgjg8dfuYLobMvhwak3XtkyQ=\" target=\"_blank\" rel=\"noopener\">l&#8217;arr\u00eat\u00e9 n\u00b0INTE2428510A du 31 octobre 2024 publi\u00e9 au Journal Officiel du 5 novembre 2024, <\/a><\/p>\n<p>&nbsp;<\/p>\n","protected":false},"excerpt":{"rendered":"<p>La commune de Cellieu est reconnue en \u00e9tat de catastrophe naturelle suite aux inondations du 17 octobre dernier. Cela permet aux sinistr\u00e9s de b\u00e9n\u00e9ficier d&#8217;une prise en charge par leurs assurances. Les sinistr\u00e9s disposent d&#8217;un d\u00e9lai de 30 jours pour faire leur d\u00e9claration aupr\u00e8s de leur assurance. \u00e0 compter du 05\/11\/2024 date de la publication. [&hellip;]<\/p>\n","protected":false},"author":5,"featured_media":5938,"comment_status":"closed","ping_status":"closed","sticky":false,"template":"","format":"standard","meta":{"wikipediapreview_detectlinks":true,"ngg_post_thumbnail":0,"_jetpack_memberships_contains_paid_content":false,"footnotes":""},"categories":[36],"tags":[],"class_list":["post-12529","post","type-post","status-publish","format-standard","has-post-thumbnail","hentry","category-gouv-fr"],"jetpack_featured_media_url":"https:\/\/cellieu.fr\/press3\/mairie\/wp-content\/uploads\/sites\/2\/2020\/02\/logo_prefecture.jpg","jetpack_sharing_enabled":true,"_links":{"self":[{"href":"https:\/\/cellieu.fr\/press3\/mairie\/wp-json\/wp\/v2\/posts\/12529","targetHints":{"allow":["GET"]}}],"collection":[{"href":"https:\/\/cellieu.fr\/press3\/mairie\/wp-json\/wp\/v2\/posts"}],"about":[{"href":"https:\/\/cellieu.fr\/press3\/mairie\/wp-json\/wp\/v2\/types\/post"}],"author":[{"embeddable":true,"href":"https:\/\/cellieu.fr\/press3\/mairie\/wp-json\/wp\/v2\/users\/5"}],"replies":[{"embeddable":true,"href":"https:\/\/cellieu.fr\/press3\/mairie\/wp-json\/wp\/v2\/comments?post=12529"}],"version-history":[{"count":3,"href":"https:\/\/cellieu.fr\/press3\/mairie\/wp-json\/wp\/v2\/posts\/12529\/revisions"}],"predecessor-version":[{"id":12532,"href":"https:\/\/cellieu.fr\/press3\/mairie\/wp-json\/wp\/v2\/posts\/12529\/revisions\/12532"}],"wp:featuredmedia":[{"embeddable":true,"href":"https:\/\/cellieu.fr\/press3\/mairie\/wp-json\/wp\/v2\/media\/5938"}],"wp:attachment":[{"href":"https:\/\/cellieu.fr\/press3\/mairie\/wp-json\/wp\/v2\/media?parent=12529"}],"wp:term":[{"taxonomy":"category","embeddable":true,"href":"https:\/\/cellieu.fr\/press3\/mairie\/wp-json\/wp\/v2\/categories?post=12529"},{"taxonomy":"post_tag","embeddable":true,"href":"https:\/\/cellieu.fr\/press3\/mairie\/wp-json\/wp\/v2\/tags?post=12529"}],"curies":[{"name":"wp","href":"https:\/\/api.w.org\/{rel}","templated":true}]}}