{"id":2154,"date":"2015-03-30T14:54:58","date_gmt":"2015-03-30T13:54:58","guid":{"rendered":"http:\/\/cellieu.fr\/press3\/mairie\/?p=2154"},"modified":"2015-04-08T12:30:01","modified_gmt":"2015-04-08T11:30:01","slug":"reseau-des-mediatheques-du-pays-du-gier","status":"publish","type":"post","link":"https:\/\/cellieu.fr\/press3\/mairie\/2015\/03\/30\/reseau-des-mediatheques-du-pays-du-gier\/","title":{"rendered":"R\u00e9seau des m\u00e9diath\u00e8ques du Pays du Gier"},"content":{"rendered":"<p><strong><em>La m\u00e9diath\u00e8que de Cellieu <\/em>sera ferm\u00e9e au public <em>du 30 mars au 7 avril 2015<\/em><\/strong>\u00a0: le temps de son int\u00e9gration technique au sein du r\u00e9seau des m\u00e9diath\u00e8ques\u00a0du Pays du Gier. L\u2019\u00e9quipe vous retrouvera avec plaisir \u00e0 la r\u00e9ouverture, le\u00a08 avril 2015 \u00e0 14h, avec de tr\u00e8s nombreuses nouvelles ressources documentaires.<\/p>\n<p>&nbsp;<\/p>\n<p>Plus d&#8217;informations sur le r\u00e9seau des M\u00e9diath\u00e8ques\u00a0du Pays du Gier : <a href=\"https:\/\/cellieu.fr\/press3\/mairie\/wp-content\/uploads\/sites\/2\/2015\/03\/2015-04-08-Mediatheque-reseau.pdf\" target=\"_blank\">ici<\/a><\/p>\n<p>&nbsp;<\/p>\n","protected":false},"excerpt":{"rendered":"<p>La m\u00e9diath\u00e8que de Cellieu sera ferm\u00e9e au public du 30 mars au 7 avril 2015\u00a0: le temps de son int\u00e9gration technique au sein du r\u00e9seau des m\u00e9diath\u00e8ques\u00a0du Pays du Gier. L\u2019\u00e9quipe vous retrouvera avec plaisir \u00e0 la r\u00e9ouverture, le\u00a08 avril 2015 \u00e0 14h, avec de tr\u00e8s nombreuses nouvelles ressources documentaires. &nbsp; Plus d&#8217;informations sur le [&hellip;]<\/p>\n","protected":false},"author":2,"featured_media":2155,"comment_status":"closed","ping_status":"closed","sticky":false,"template":"","format":"standard","meta":{"wikipediapreview_detectlinks":true,"ngg_post_thumbnail":0,"_jetpack_memberships_contains_paid_content":false,"footnotes":""},"categories":[11],"tags":[],"class_list":["post-2154","post","type-post","status-publish","format-standard","has-post-thumbnail","hentry","category-commune"],"jetpack_featured_media_url":"https:\/\/cellieu.fr\/press3\/mairie\/wp-content\/uploads\/sites\/2\/2015\/03\/logo_pays_du_gier.jpg","jetpack_sharing_enabled":true,"_links":{"self":[{"href":"https:\/\/cellieu.fr\/press3\/mairie\/wp-json\/wp\/v2\/posts\/2154","targetHints":{"allow":["GET"]}}],"collection":[{"href":"https:\/\/cellieu.fr\/press3\/mairie\/wp-json\/wp\/v2\/posts"}],"about":[{"href":"https:\/\/cellieu.fr\/press3\/mairie\/wp-json\/wp\/v2\/types\/post"}],"author":[{"embeddable":true,"href":"https:\/\/cellieu.fr\/press3\/mairie\/wp-json\/wp\/v2\/users\/2"}],"replies":[{"embeddable":true,"href":"https:\/\/cellieu.fr\/press3\/mairie\/wp-json\/wp\/v2\/comments?post=2154"}],"version-history":[{"count":5,"href":"https:\/\/cellieu.fr\/press3\/mairie\/wp-json\/wp\/v2\/posts\/2154\/revisions"}],"predecessor-version":[{"id":2293,"href":"https:\/\/cellieu.fr\/press3\/mairie\/wp-json\/wp\/v2\/posts\/2154\/revisions\/2293"}],"wp:featuredmedia":[{"embeddable":true,"href":"https:\/\/cellieu.fr\/press3\/mairie\/wp-json\/wp\/v2\/media\/2155"}],"wp:attachment":[{"href":"https:\/\/cellieu.fr\/press3\/mairie\/wp-json\/wp\/v2\/media?parent=2154"}],"wp:term":[{"taxonomy":"category","embeddable":true,"href":"https:\/\/cellieu.fr\/press3\/mairie\/wp-json\/wp\/v2\/categories?post=2154"},{"taxonomy":"post_tag","embeddable":true,"href":"https:\/\/cellieu.fr\/press3\/mairie\/wp-json\/wp\/v2\/tags?post=2154"}],"curies":[{"name":"wp","href":"https:\/\/api.w.org\/{rel}","templated":true}]}}