{"id":2250,"date":"2015-03-31T10:04:02","date_gmt":"2015-03-31T09:04:02","guid":{"rendered":"http:\/\/cellieu.fr\/press3\/mairie\/?p=2250"},"modified":"2015-04-17T19:30:25","modified_gmt":"2015-04-17T18:30:25","slug":"tap-venez-partager-vos-experiences","status":"publish","type":"post","link":"https:\/\/cellieu.fr\/press3\/mairie\/2015\/03\/31\/tap-venez-partager-vos-experiences\/","title":{"rendered":"TAP : venez partager vos exp\u00e9riences"},"content":{"rendered":"<h2>TAP :<\/h2>\n<p>Les Temps d&#8217;Activit\u00e9s P\u00e9riscolaires sont en place depuis la rentr\u00e9e 2014-2015.<\/p>\n<p>Les animateurs de la commune encadrent environ 70 enfants, r\u00e9partis dans\u00a05 ateliers, tous les jeudis, de 13h30 \u00e0 16h30.<\/p>\n<p>Pour l&#8217;ann\u00e9e prochaine, nous souhaitons diversifier les activit\u00e9s en permettant aux personnes qui le souhaitent de venir partager leurs passions et leurs exp\u00e9riences avec les \u00e9l\u00e8ves.<\/p>\n<p>L&#8217;objectif est de proposer de nouveaux ateliers aux enfants afin de les ouvrir sur le monde.<\/p>\n<p>Si vous avez une passion, un m\u00e9tier inhabituel, et des disponibilit\u00e9s les jeudis apr\u00e8s-midi, vous pouvez prendre contact avec la mairie sur cette <a title=\"Contacter la Mairie\" href=\"https:\/\/cellieu.fr\/press3\/mairie\/contact\/contacter-la-mairie\/\" target=\"_blank\">page<\/a> ou d\u00e9poser ce <a href=\"https:\/\/cellieu.fr\/press3\/mairie\/wp-content\/uploads\/sites\/2\/2015\/03\/2015-participation_benevoles_tap.pdf\" target=\"_blank\">formulaire<\/a>\u00a0au secr\u00e9tariat.<br \/>\n<!--more--><\/p>\n<h2>Quelques informations suppl\u00e9mentaires :<\/h2>\n<p>Nous demandons aux b\u00e9n\u00e9voles de s&#8217;engager \u00e0 \u00eatre pr\u00e9sents tous les jeudis sur une p\u00e9riode (de vacances \u00e0 vacances : en g\u00e9n\u00e9ral\u00a07 semaines). Soit\u00a07 jeudis apr\u00e8s-midi cons\u00e9cutifs minimum.<\/p>\n<p>Les enfants ont de 6 \u00e0 12 ans, ils sont r\u00e9partis en groupes de 10-15, en g\u00e9n\u00e9ral par \u00e2ge.<\/p>\n<p>Vous aurez deux groupes dans l&#8217;apr\u00e8s-midi : un groupe de 13h45 \u00e0 15h et un groupe de 15h15 \u00e0 16h30. Votre atelier doit donc pouvoir s&#8217;effectuer sur\u00a0une heure.<\/p>\n<p>Les enfants sont toujours les m\u00eames sur une p\u00e9riode. Vous pouvez donc proposer une progression sur\u00a07 semaines en commen\u00e7ant par des ateliers simples\u00a0sur les premi\u00e8res s\u00e9ances\u00a0et pour finir par des ateliers plus aboutis.<\/p>\n<p>Vous ne serez jamais seul avec les enfants. Il y aura toujours un animateur dipl\u00f4m\u00e9\u00a0\u00e0 vos c\u00f4t\u00e9s pour vous aider.<\/p>\n<p>&nbsp;<\/p>\n<h2>Quelques exemples de ce qui existe dans d&#8217;autres communes :<\/h2>\n<ul>\n<li>Apprendre \u00e0 jouer aux cartes avec des anciens<\/li>\n<li>Apprendre la couture avec des grands-m\u00e8res<\/li>\n<li>Fabriquer des nichoirs pour les oiseaux avec un charpentier retrait\u00e9<\/li>\n<li>D\u00e9couvrir les abeilles et les ruches avec un apiculteur<\/li>\n<li>Apprendre \u00e0 jardiner avec un agriculteur<\/li>\n<li>Parler et chanter avec un anglophone<\/li>\n<li>Initiation aux \u00e9checs avec un joueur amateur<\/li>\n<\/ul>\n<p>&nbsp;<\/p>\n<h2 style=\"text-align: center;\">A vous de proposer des activit\u00e9s en fonction de vos passions et de vos exp\u00e9riences. Venez les partager avec les enfants.<\/h2>\n<h3 style=\"text-align: center;\">Si vous \u00eates passionn\u00e9s et motiv\u00e9s, contactez nos services, nous vous aiderons \u00e0 d\u00e9finir votre projet.<\/h3>\n","protected":false},"excerpt":{"rendered":"<p>TAP : Les Temps d&#8217;Activit\u00e9s P\u00e9riscolaires sont en place depuis la rentr\u00e9e 2014-2015. Les animateurs de la commune encadrent environ 70 enfants, r\u00e9partis dans\u00a05 ateliers, tous les jeudis, de 13h30 \u00e0 16h30. Pour l&#8217;ann\u00e9e prochaine, nous souhaitons diversifier les activit\u00e9s en permettant aux personnes qui le souhaitent de venir partager leurs passions et leurs exp\u00e9riences [&hellip;]<\/p>\n","protected":false},"author":2,"featured_media":785,"comment_status":"closed","ping_status":"closed","sticky":false,"template":"","format":"standard","meta":{"wikipediapreview_detectlinks":true,"ngg_post_thumbnail":0,"_jetpack_memberships_contains_paid_content":false,"footnotes":""},"categories":[11],"tags":[],"class_list":["post-2250","post","type-post","status-publish","format-standard","has-post-thumbnail","hentry","category-commune"],"jetpack_featured_media_url":"https:\/\/cellieu.fr\/press3\/mairie\/wp-content\/uploads\/sites\/2\/2014\/07\/equipement_alphonsedaudet.jpg","jetpack_sharing_enabled":true,"_links":{"self":[{"href":"https:\/\/cellieu.fr\/press3\/mairie\/wp-json\/wp\/v2\/posts\/2250","targetHints":{"allow":["GET"]}}],"collection":[{"href":"https:\/\/cellieu.fr\/press3\/mairie\/wp-json\/wp\/v2\/posts"}],"about":[{"href":"https:\/\/cellieu.fr\/press3\/mairie\/wp-json\/wp\/v2\/types\/post"}],"author":[{"embeddable":true,"href":"https:\/\/cellieu.fr\/press3\/mairie\/wp-json\/wp\/v2\/users\/2"}],"replies":[{"embeddable":true,"href":"https:\/\/cellieu.fr\/press3\/mairie\/wp-json\/wp\/v2\/comments?post=2250"}],"version-history":[{"count":10,"href":"https:\/\/cellieu.fr\/press3\/mairie\/wp-json\/wp\/v2\/posts\/2250\/revisions"}],"predecessor-version":[{"id":2363,"href":"https:\/\/cellieu.fr\/press3\/mairie\/wp-json\/wp\/v2\/posts\/2250\/revisions\/2363"}],"wp:featuredmedia":[{"embeddable":true,"href":"https:\/\/cellieu.fr\/press3\/mairie\/wp-json\/wp\/v2\/media\/785"}],"wp:attachment":[{"href":"https:\/\/cellieu.fr\/press3\/mairie\/wp-json\/wp\/v2\/media?parent=2250"}],"wp:term":[{"taxonomy":"category","embeddable":true,"href":"https:\/\/cellieu.fr\/press3\/mairie\/wp-json\/wp\/v2\/categories?post=2250"},{"taxonomy":"post_tag","embeddable":true,"href":"https:\/\/cellieu.fr\/press3\/mairie\/wp-json\/wp\/v2\/tags?post=2250"}],"curies":[{"name":"wp","href":"https:\/\/api.w.org\/{rel}","templated":true}]}}