{"id":2524,"date":"2015-07-15T20:00:00","date_gmt":"2015-07-15T19:00:00","guid":{"rendered":"http:\/\/cellieu.fr\/press3\/mairie\/?p=2524"},"modified":"2015-07-17T10:13:16","modified_gmt":"2015-07-17T09:13:16","slug":"fermeture-de-la-mairie-2","status":"publish","type":"post","link":"https:\/\/cellieu.fr\/press3\/mairie\/2015\/07\/15\/fermeture-de-la-mairie-2\/","title":{"rendered":"Fermeture de la Mairie (Mise \u00e0 jour)"},"content":{"rendered":"<p>Le secr\u00e9tariat de la mairie sera ferm\u00e9 au public les mercredis et samedis du\u00a01er juillet au 31 ao\u00fbt 2015.<\/p>\n<p>Il sera \u00e9galement ferm\u00e9 le Lundi\u00a013 juillet,\u00a0les Vendredis 14 et 28 ao\u00fbt.<\/p>\n<p>&nbsp;<\/p>\n<p>Mise \u00e0 jour (15\/07\/2015) :<\/p>\n<p>Il sera exceptionnellement ferm\u00e9 pendant <strong>2 semaines, du 25 juillet au 8 ao\u00fbt. Merci de votre compr\u00e9hension.<\/strong><\/p>\n<p>En cas d&#8217;urgence, merci d&#8217;utiliser la page <a href=\"https:\/\/cellieu.fr\/press3\/mairie\/contact\/contacter-la-mairie\/\">Contacter la Mairie<\/a>\u00a0et commencer la question par le texte <em>[URGENT].<\/em><\/p>\n","protected":false},"excerpt":{"rendered":"<p>Le secr\u00e9tariat de la mairie sera ferm\u00e9 au public les mercredis et samedis du\u00a01er juillet au 31 ao\u00fbt 2015. Il sera \u00e9galement ferm\u00e9 le Lundi\u00a013 juillet,\u00a0les Vendredis 14 et 28 ao\u00fbt. &nbsp; Mise \u00e0 jour (15\/07\/2015) : Il sera exceptionnellement ferm\u00e9 pendant 2 semaines, du 25 juillet au 8 ao\u00fbt. Merci de votre compr\u00e9hension. En [&hellip;]<\/p>\n","protected":false},"author":2,"featured_media":1015,"comment_status":"closed","ping_status":"closed","sticky":false,"template":"","format":"standard","meta":{"wikipediapreview_detectlinks":true,"ngg_post_thumbnail":0,"_jetpack_memberships_contains_paid_content":false,"footnotes":""},"categories":[11],"tags":[],"class_list":["post-2524","post","type-post","status-publish","format-standard","has-post-thumbnail","hentry","category-commune"],"jetpack_featured_media_url":"https:\/\/cellieu.fr\/press3\/mairie\/wp-content\/uploads\/sites\/2\/2014\/07\/equipement_secretariat.jpg","jetpack_sharing_enabled":true,"_links":{"self":[{"href":"https:\/\/cellieu.fr\/press3\/mairie\/wp-json\/wp\/v2\/posts\/2524","targetHints":{"allow":["GET"]}}],"collection":[{"href":"https:\/\/cellieu.fr\/press3\/mairie\/wp-json\/wp\/v2\/posts"}],"about":[{"href":"https:\/\/cellieu.fr\/press3\/mairie\/wp-json\/wp\/v2\/types\/post"}],"author":[{"embeddable":true,"href":"https:\/\/cellieu.fr\/press3\/mairie\/wp-json\/wp\/v2\/users\/2"}],"replies":[{"embeddable":true,"href":"https:\/\/cellieu.fr\/press3\/mairie\/wp-json\/wp\/v2\/comments?post=2524"}],"version-history":[{"count":8,"href":"https:\/\/cellieu.fr\/press3\/mairie\/wp-json\/wp\/v2\/posts\/2524\/revisions"}],"predecessor-version":[{"id":2586,"href":"https:\/\/cellieu.fr\/press3\/mairie\/wp-json\/wp\/v2\/posts\/2524\/revisions\/2586"}],"wp:featuredmedia":[{"embeddable":true,"href":"https:\/\/cellieu.fr\/press3\/mairie\/wp-json\/wp\/v2\/media\/1015"}],"wp:attachment":[{"href":"https:\/\/cellieu.fr\/press3\/mairie\/wp-json\/wp\/v2\/media?parent=2524"}],"wp:term":[{"taxonomy":"category","embeddable":true,"href":"https:\/\/cellieu.fr\/press3\/mairie\/wp-json\/wp\/v2\/categories?post=2524"},{"taxonomy":"post_tag","embeddable":true,"href":"https:\/\/cellieu.fr\/press3\/mairie\/wp-json\/wp\/v2\/tags?post=2524"}],"curies":[{"name":"wp","href":"https:\/\/api.w.org\/{rel}","templated":true}]}}