{"id":2788,"date":"2015-11-12T14:49:45","date_gmt":"2015-11-12T13:49:45","guid":{"rendered":"http:\/\/cellieu.fr\/press3\/mairie\/?p=2788"},"modified":"2015-11-12T18:27:02","modified_gmt":"2015-11-12T17:27:02","slug":"concours-maisons-illuminees","status":"publish","type":"post","link":"https:\/\/cellieu.fr\/press3\/mairie\/2015\/11\/12\/concours-maisons-illuminees\/","title":{"rendered":"Concours communal des Maisons Illumin\u00e9es"},"content":{"rendered":"<p>Le Comit\u00e9 de Fleurissement de Cellieu organise, pour la premi\u00e8re fois,\u00a0le concours communal des &#8216;Maisons Illumin\u00e9es&#8217;.<\/p>\n<p>Soucieux de son cadre de vie et du respect de son environnement, les crit\u00e8res d\u00e9finis privil\u00e9gient l\u2019utilisation des \u00e9nergies renouvelables et\u00a0le recours \u00e0\u00a0des mat\u00e9riaux et mat\u00e9riels \u00e9cologiques.<\/p>\n<p>Les inscriptions se font en mairie avant le 7 d\u00e9cembre. Les visites sont r\u00e9alis\u00e9es avant le 31 d\u00e9cembre.<\/p>\n<p>Pour plus d&#8217;informations ou pour t\u00e9l\u00e9charger\u00a0le r\u00e9glement\u00a0et la fiche d&#8217;inscription, voir la nouvelle page du Comit\u00e9 de Fleurissement : <a href=\"https:\/\/www.cellieu.fr\/comite-de-fleurissement\/\" target=\"_blank\">https:\/\/www.cellieu.fr\/comite-de-fleurissement\/<\/a><\/p>\n<p>&nbsp;<\/p>\n<p>&nbsp;<\/p>\n","protected":false},"excerpt":{"rendered":"<p>Le Comit\u00e9 de Fleurissement de Cellieu organise, pour la premi\u00e8re fois,\u00a0le concours communal des &#8216;Maisons Illumin\u00e9es&#8217;. Soucieux de son cadre de vie et du respect de son environnement, les crit\u00e8res d\u00e9finis privil\u00e9gient l\u2019utilisation des \u00e9nergies renouvelables et\u00a0le recours \u00e0\u00a0des mat\u00e9riaux et mat\u00e9riels \u00e9cologiques. Les inscriptions se font en mairie avant le 7 d\u00e9cembre. Les visites [&hellip;]<\/p>\n","protected":false},"author":2,"featured_media":2571,"comment_status":"closed","ping_status":"closed","sticky":false,"template":"","format":"standard","meta":{"wikipediapreview_detectlinks":true,"ngg_post_thumbnail":0,"_jetpack_memberships_contains_paid_content":false,"footnotes":""},"categories":[22],"tags":[],"class_list":["post-2788","post","type-post","status-publish","format-standard","has-post-thumbnail","hentry","category-associations"],"jetpack_featured_media_url":"https:\/\/cellieu.fr\/press3\/mairie\/wp-content\/uploads\/sites\/2\/2015\/07\/logo_cellieu_2.gif","jetpack_sharing_enabled":true,"_links":{"self":[{"href":"https:\/\/cellieu.fr\/press3\/mairie\/wp-json\/wp\/v2\/posts\/2788","targetHints":{"allow":["GET"]}}],"collection":[{"href":"https:\/\/cellieu.fr\/press3\/mairie\/wp-json\/wp\/v2\/posts"}],"about":[{"href":"https:\/\/cellieu.fr\/press3\/mairie\/wp-json\/wp\/v2\/types\/post"}],"author":[{"embeddable":true,"href":"https:\/\/cellieu.fr\/press3\/mairie\/wp-json\/wp\/v2\/users\/2"}],"replies":[{"embeddable":true,"href":"https:\/\/cellieu.fr\/press3\/mairie\/wp-json\/wp\/v2\/comments?post=2788"}],"version-history":[{"count":3,"href":"https:\/\/cellieu.fr\/press3\/mairie\/wp-json\/wp\/v2\/posts\/2788\/revisions"}],"predecessor-version":[{"id":2798,"href":"https:\/\/cellieu.fr\/press3\/mairie\/wp-json\/wp\/v2\/posts\/2788\/revisions\/2798"}],"wp:featuredmedia":[{"embeddable":true,"href":"https:\/\/cellieu.fr\/press3\/mairie\/wp-json\/wp\/v2\/media\/2571"}],"wp:attachment":[{"href":"https:\/\/cellieu.fr\/press3\/mairie\/wp-json\/wp\/v2\/media?parent=2788"}],"wp:term":[{"taxonomy":"category","embeddable":true,"href":"https:\/\/cellieu.fr\/press3\/mairie\/wp-json\/wp\/v2\/categories?post=2788"},{"taxonomy":"post_tag","embeddable":true,"href":"https:\/\/cellieu.fr\/press3\/mairie\/wp-json\/wp\/v2\/tags?post=2788"}],"curies":[{"name":"wp","href":"https:\/\/api.w.org\/{rel}","templated":true}]}}