{"id":4095,"date":"2017-04-07T15:03:09","date_gmt":"2017-04-07T14:03:09","guid":{"rendered":"http:\/\/cellieu.fr\/press3\/mairie\/?p=4095"},"modified":"2017-04-07T15:03:09","modified_gmt":"2017-04-07T14:03:09","slug":"aide-pour-lachat-dun-velo-a-assistance-electrique","status":"publish","type":"post","link":"https:\/\/cellieu.fr\/press3\/mairie\/2017\/04\/07\/aide-pour-lachat-dun-velo-a-assistance-electrique\/","title":{"rendered":"Aide pour l&#8217;achat d&#8217;un v\u00e9lo \u00e0 assistance \u00e9lectrique"},"content":{"rendered":"<p>A compter du 19 f\u00e9vrier 2017 et jusqu\u2019au 31 janvier 2018, l\u2019Etat accorde une aide pour l\u2019acquisition d\u2019un cycle neuf \u00e0 p\u00e9dalage assist\u00e9 n\u2019utilisant PAS de batterie au plomb.<\/p>\n<p>Cette aide est attribu\u00e9e aux personnes physiques majeures justifiant d\u2019un domicile en France, aux personnes morales justifiant d\u2019un \u00e9tablissement en France et aux administrations de l\u2019Etat.<\/p>\n<p>Son montant est fix\u00e9 \u00e0 20 % du co\u00fbt d\u2019acquisition, hors options, toutes taxes comprises, sans \u00eatre sup\u00e9rieur \u00e0 200\u20ac.<\/p>\n<p>Retrouvez les conditions d\u2019attribution, les modalit\u00e9s de demandes de l\u2019aide en cliquant sur <a href=\"http:\/\/www.asp-public.fr\/bonus-velo\" target=\"_blank\">cette page.<\/a><\/p>\n","protected":false},"excerpt":{"rendered":"<p>A compter du 19 f\u00e9vrier 2017 et jusqu\u2019au 31 janvier 2018, l\u2019Etat accorde une aide pour l\u2019acquisition d\u2019un cycle neuf \u00e0 p\u00e9dalage assist\u00e9 n\u2019utilisant PAS de batterie au plomb. Cette aide est attribu\u00e9e aux personnes physiques majeures justifiant d\u2019un domicile en France, aux personnes morales justifiant d\u2019un \u00e9tablissement en France et aux administrations de l\u2019Etat. [&hellip;]<\/p>\n","protected":false},"author":2,"featured_media":4096,"comment_status":"closed","ping_status":"closed","sticky":false,"template":"","format":"standard","meta":{"wikipediapreview_detectlinks":true,"ngg_post_thumbnail":0,"_jetpack_memberships_contains_paid_content":false,"footnotes":""},"categories":[11,19],"tags":[],"class_list":["post-4095","post","type-post","status-publish","format-standard","has-post-thumbnail","hentry","category-commune","category-st-etienne-metropole"],"jetpack_featured_media_url":"https:\/\/cellieu.fr\/press3\/mairie\/wp-content\/uploads\/sites\/2\/2017\/04\/2016-04-velo_electrique.png","jetpack_sharing_enabled":true,"_links":{"self":[{"href":"https:\/\/cellieu.fr\/press3\/mairie\/wp-json\/wp\/v2\/posts\/4095","targetHints":{"allow":["GET"]}}],"collection":[{"href":"https:\/\/cellieu.fr\/press3\/mairie\/wp-json\/wp\/v2\/posts"}],"about":[{"href":"https:\/\/cellieu.fr\/press3\/mairie\/wp-json\/wp\/v2\/types\/post"}],"author":[{"embeddable":true,"href":"https:\/\/cellieu.fr\/press3\/mairie\/wp-json\/wp\/v2\/users\/2"}],"replies":[{"embeddable":true,"href":"https:\/\/cellieu.fr\/press3\/mairie\/wp-json\/wp\/v2\/comments?post=4095"}],"version-history":[{"count":1,"href":"https:\/\/cellieu.fr\/press3\/mairie\/wp-json\/wp\/v2\/posts\/4095\/revisions"}],"predecessor-version":[{"id":4097,"href":"https:\/\/cellieu.fr\/press3\/mairie\/wp-json\/wp\/v2\/posts\/4095\/revisions\/4097"}],"wp:featuredmedia":[{"embeddable":true,"href":"https:\/\/cellieu.fr\/press3\/mairie\/wp-json\/wp\/v2\/media\/4096"}],"wp:attachment":[{"href":"https:\/\/cellieu.fr\/press3\/mairie\/wp-json\/wp\/v2\/media?parent=4095"}],"wp:term":[{"taxonomy":"category","embeddable":true,"href":"https:\/\/cellieu.fr\/press3\/mairie\/wp-json\/wp\/v2\/categories?post=4095"},{"taxonomy":"post_tag","embeddable":true,"href":"https:\/\/cellieu.fr\/press3\/mairie\/wp-json\/wp\/v2\/tags?post=4095"}],"curies":[{"name":"wp","href":"https:\/\/api.w.org\/{rel}","templated":true}]}}