{"id":4339,"date":"2017-09-22T10:08:57","date_gmt":"2017-09-22T09:08:57","guid":{"rendered":"http:\/\/cellieu.fr\/press3\/mairie\/?p=4339"},"modified":"2017-09-22T11:26:45","modified_gmt":"2017-09-22T10:26:45","slug":"facturation-de-la-cantine","status":"publish","type":"post","link":"https:\/\/cellieu.fr\/press3\/mairie\/2017\/09\/22\/facturation-de-la-cantine\/","title":{"rendered":"Facturation de la cantine"},"content":{"rendered":"<p>La cantine est maintenant factur\u00e9e comme le p\u00e9riscolaire, en fin de mois. Vous n&#8217;avez donc plus besoin d&#8217;approvisionner votre compte \u00e0 l&#8217;avance.<\/p>\n<p>Les factures peuvent \u00eatre r\u00e9gl\u00e9es par <strong>CB<\/strong> depuis Internet, par <strong>ch\u00e8que<\/strong> (\u00e0 l&#8217;ordre du Tr\u00e9sor Public) en Mairie (ou dans la boite aux lettres de la Mairie : en indiquant au dos le num\u00e9ro de la facture) , ou en <strong>esp\u00e8ces<\/strong> au <span lang=\"FR\">Tr\u00e9sor Public de Rive de Gier<\/span> .<\/p>\n<p>Toutes les prestations (p\u00e9riscolaire ou cantine) doivent \u00eatre <strong>r\u00e9serv\u00e9es<\/strong> <strong>avant le jeudi 12h<\/strong>, chaque semaine. Vous pouvez r\u00e9server pour plusieurs semaines \u00e0 l&#8217;avance.<\/p>\n<p>En cas de modification de r\u00e9servation apr\u00e8s le d\u00e9lai, vous pouvez t\u00e9l\u00e9phoner ou envoyer un Email au Secr\u00e9tariat, une p\u00e9nalit\u00e9 pourra vous \u00eatre appliqu\u00e9e.<\/p>\n","protected":false},"excerpt":{"rendered":"<p>La cantine est maintenant factur\u00e9e comme le p\u00e9riscolaire, en fin de mois. Vous n&#8217;avez donc plus besoin d&#8217;approvisionner votre compte \u00e0 l&#8217;avance. Les factures peuvent \u00eatre r\u00e9gl\u00e9es par CB depuis Internet, par ch\u00e8que (\u00e0 l&#8217;ordre du Tr\u00e9sor Public) en Mairie (ou dans la boite aux lettres de la Mairie : en indiquant au dos le [&hellip;]<\/p>\n","protected":false},"author":1,"featured_media":1369,"comment_status":"closed","ping_status":"closed","sticky":false,"template":"","format":"standard","meta":{"wikipediapreview_detectlinks":true,"ngg_post_thumbnail":0,"_jetpack_memberships_contains_paid_content":false,"footnotes":""},"categories":[11],"tags":[],"class_list":["post-4339","post","type-post","status-publish","format-standard","has-post-thumbnail","hentry","category-commune"],"jetpack_featured_media_url":"https:\/\/cellieu.fr\/press3\/mairie\/wp-content\/uploads\/sites\/2\/2014\/08\/article_cantine_2.png","jetpack_sharing_enabled":true,"_links":{"self":[{"href":"https:\/\/cellieu.fr\/press3\/mairie\/wp-json\/wp\/v2\/posts\/4339","targetHints":{"allow":["GET"]}}],"collection":[{"href":"https:\/\/cellieu.fr\/press3\/mairie\/wp-json\/wp\/v2\/posts"}],"about":[{"href":"https:\/\/cellieu.fr\/press3\/mairie\/wp-json\/wp\/v2\/types\/post"}],"author":[{"embeddable":true,"href":"https:\/\/cellieu.fr\/press3\/mairie\/wp-json\/wp\/v2\/users\/1"}],"replies":[{"embeddable":true,"href":"https:\/\/cellieu.fr\/press3\/mairie\/wp-json\/wp\/v2\/comments?post=4339"}],"version-history":[{"count":1,"href":"https:\/\/cellieu.fr\/press3\/mairie\/wp-json\/wp\/v2\/posts\/4339\/revisions"}],"predecessor-version":[{"id":4340,"href":"https:\/\/cellieu.fr\/press3\/mairie\/wp-json\/wp\/v2\/posts\/4339\/revisions\/4340"}],"wp:featuredmedia":[{"embeddable":true,"href":"https:\/\/cellieu.fr\/press3\/mairie\/wp-json\/wp\/v2\/media\/1369"}],"wp:attachment":[{"href":"https:\/\/cellieu.fr\/press3\/mairie\/wp-json\/wp\/v2\/media?parent=4339"}],"wp:term":[{"taxonomy":"category","embeddable":true,"href":"https:\/\/cellieu.fr\/press3\/mairie\/wp-json\/wp\/v2\/categories?post=4339"},{"taxonomy":"post_tag","embeddable":true,"href":"https:\/\/cellieu.fr\/press3\/mairie\/wp-json\/wp\/v2\/tags?post=4339"}],"curies":[{"name":"wp","href":"https:\/\/api.w.org\/{rel}","templated":true}]}}