{"id":6881,"date":"2020-11-16T10:36:21","date_gmt":"2020-11-16T09:36:21","guid":{"rendered":"https:\/\/cellieu.fr\/press3\/mairie\/?p=6881"},"modified":"2020-11-16T10:36:21","modified_gmt":"2020-11-16T09:36:21","slug":"la-mediatheque-de-cellieu-propose-un-service-de-pret-a-emporter","status":"publish","type":"post","link":"https:\/\/cellieu.fr\/press3\/mairie\/2020\/11\/16\/la-mediatheque-de-cellieu-propose-un-service-de-pret-a-emporter\/","title":{"rendered":"La M\u00e9diath\u00e8que de CELLIEU propose un service de pr\u00eat \u00e0 emporter:"},"content":{"rendered":"<h3><em><strong>La m\u00e9diath\u00e8que vous propose un Service de pr\u00eat \u00e0 emporter <span style=\"text-decoration: underline\">\u00e0 partir du 19 novembre<\/span> :&nbsp;<\/strong><\/em><\/h3>\n<ul type=\"disc\">\n<li>Par t\u00e9l\u00e9phone au 04.77.73.94.29 ou par mail mediatheque@cellieu.fr, les lecteurs pourront faire leur comma<img loading=\"lazy\" decoding=\"async\" class=\"wp-image-1630 alignright\" src=\"https:\/\/cellieu.fr\/press3\/mairie\/wp-content\/uploads\/sites\/2\/2014\/09\/logo_mediatheque-286x300.png\" alt=\"\" width=\"215\" height=\"226\" srcset=\"https:\/\/cellieu.fr\/press3\/mairie\/wp-content\/uploads\/sites\/2\/2014\/09\/logo_mediatheque-286x300.png 286w, https:\/\/cellieu.fr\/press3\/mairie\/wp-content\/uploads\/sites\/2\/2014\/09\/logo_mediatheque-624x653.png 624w, https:\/\/cellieu.fr\/press3\/mairie\/wp-content\/uploads\/sites\/2\/2014\/09\/logo_mediatheque.png 656w\" sizes=\"auto, (max-width: 215px) 100vw, 215px\" \/>nde&nbsp; ou seront conseill\u00e9s.<\/li>\n<li>La commande est pr\u00e9par\u00e9e<\/li>\n<li>Le lecteur est appel\u00e9 pour l\u2019informer que sa commande est pr\u00eate, un rdv est pris pour le retrait.<\/li>\n<li><em><strong>Le retrait des ouvrages se fera&nbsp;\u00e0 l&#8217;ext\u00e9rieur,&nbsp;\u00e0 l&#8217;entr\u00e9e du b\u00e2timent de la m\u00e9diath\u00e8que, dans le respect des r\u00e8gles sanitaires.<\/strong><\/em><\/li>\n<\/ul>\n<p>Les livres pr\u00eat\u00e9s sont tous d\u00e9sinfect\u00e9s. Ils seront port\u00e9s sur la carte du lecteur.<\/p>\n<p>L&#8217;abonnement sera prolong\u00e9 ainsi que les pr\u00eats en cours.<\/p>\n<p>&nbsp; Prenez soin de vous!<\/p>\n<p>&nbsp;<\/p>\n<h3 style=\"color: #333333;font-family: -apple-system, BlinkMacSystemFont, 'Segoe UI', Roboto, Oxygen-Sans, Ubuntu, Cantarell, 'Helvetica Neue', sans-serif;font-style: normal;letter-spacing: normal;text-align: start;text-indent: 0px;text-transform: none\">&nbsp;<\/h3>\n","protected":false},"excerpt":{"rendered":"<p>La m\u00e9diath\u00e8que vous propose un Service de pr\u00eat \u00e0 emporter \u00e0 partir du 19 novembre :&nbsp; Par t\u00e9l\u00e9phone au 04.77.73.94.29 ou par mail mediatheque@cellieu.fr, les lecteurs pourront faire leur commande&nbsp; ou seront conseill\u00e9s. La commande est pr\u00e9par\u00e9e Le lecteur est appel\u00e9 pour l\u2019informer que sa commande est pr\u00eate, un rdv est pris pour le retrait. [&hellip;]<\/p>\n","protected":false},"author":5,"featured_media":0,"comment_status":"closed","ping_status":"closed","sticky":false,"template":"","format":"standard","meta":{"wikipediapreview_detectlinks":true,"ngg_post_thumbnail":0,"_jetpack_memberships_contains_paid_content":false,"footnotes":""},"categories":[11],"tags":[],"class_list":["post-6881","post","type-post","status-publish","format-standard","hentry","category-commune"],"jetpack_featured_media_url":"","jetpack_sharing_enabled":true,"_links":{"self":[{"href":"https:\/\/cellieu.fr\/press3\/mairie\/wp-json\/wp\/v2\/posts\/6881","targetHints":{"allow":["GET"]}}],"collection":[{"href":"https:\/\/cellieu.fr\/press3\/mairie\/wp-json\/wp\/v2\/posts"}],"about":[{"href":"https:\/\/cellieu.fr\/press3\/mairie\/wp-json\/wp\/v2\/types\/post"}],"author":[{"embeddable":true,"href":"https:\/\/cellieu.fr\/press3\/mairie\/wp-json\/wp\/v2\/users\/5"}],"replies":[{"embeddable":true,"href":"https:\/\/cellieu.fr\/press3\/mairie\/wp-json\/wp\/v2\/comments?post=6881"}],"version-history":[{"count":4,"href":"https:\/\/cellieu.fr\/press3\/mairie\/wp-json\/wp\/v2\/posts\/6881\/revisions"}],"predecessor-version":[{"id":6885,"href":"https:\/\/cellieu.fr\/press3\/mairie\/wp-json\/wp\/v2\/posts\/6881\/revisions\/6885"}],"wp:attachment":[{"href":"https:\/\/cellieu.fr\/press3\/mairie\/wp-json\/wp\/v2\/media?parent=6881"}],"wp:term":[{"taxonomy":"category","embeddable":true,"href":"https:\/\/cellieu.fr\/press3\/mairie\/wp-json\/wp\/v2\/categories?post=6881"},{"taxonomy":"post_tag","embeddable":true,"href":"https:\/\/cellieu.fr\/press3\/mairie\/wp-json\/wp\/v2\/tags?post=6881"}],"curies":[{"name":"wp","href":"https:\/\/api.w.org\/{rel}","templated":true}]}}