{"id":7801,"date":"2021-10-13T08:42:09","date_gmt":"2021-10-13T07:42:09","guid":{"rendered":"https:\/\/cellieu.fr\/press3\/mairie\/2021\/09\/07\/inscription-centre-de-loisirs-octobre-2021-2\/"},"modified":"2021-10-13T15:03:33","modified_gmt":"2021-10-13T14:03:33","slug":"sondage","status":"publish","type":"post","link":"https:\/\/cellieu.fr\/press3\/mairie\/2021\/10\/13\/sondage\/","title":{"rendered":"Questionnaire : P\u00f4le SAVOIRS CELLIEU"},"content":{"rendered":"<h1>Pour de nouveaux usages d\u2019un futur P\u00f4le SAVOIRS \u00e0 CELLIEU<\/h1>\n<p>Dans le contexte du projet \u00ab&nbsp;R\u00e9novation Centre Bourg \u00e0 CELLIEU&nbsp;\u00bb, l\u2019\u00e9quipe municipale lance une d\u00e9marche d\u2019\u00e9coute de la population. Par ce questionnaire, nous souhaitons recueillir vos attentes, vos id\u00e9es,&nbsp; concernant la m\u00e9diath\u00e8que,&nbsp; mais aussi plus largement sur d\u2019autres besoins, envies sur ce futur lieu&nbsp; <strong>P\u00f4le SAVOIRS<\/strong> \u00e0 CELLIEU.<\/p>\n<p>Ce questionnaire est consultatif, toutes vos propositions seront bienvenues et \u00e9tudi\u00e9es. Merci d\u2019avance pour votre participation.<\/p>\n<ul>\n<li>Vous pouvez remplir le questionnaire en ligne en cliquant <a href=\"https:\/\/forms.gle\/B7B8aQuySc4oqmzW8\" target=\"_blank\" rel=\"noopener\">ici<\/a> ( <em>pr\u00e9f\u00e9rez le questionnaire en ligne vous ferez un geste pour la plan\u00e8te !<\/em>)<\/li>\n<\/ul>\n<ul>\n<li>Ou imprimez&nbsp; (le formulaire est aussi disponible en Mairie) puis compl\u00e9ter le document \u00e0 t\u00e9l\u00e9charger <a href=\"https:\/\/cellieu.fr\/press3\/mairie\/wp-content\/uploads\/sites\/2\/2021\/09\/QuestionnaireCELLIEU.pdf\" target=\"_blank\" rel=\"noopener\">ici<\/a> , et d\u00e9poser le en Mairie ou dans la boite aux lettres.<\/li>\n<\/ul>\n<p>Cl\u00f4ture du questionnaire le <strong>lundi 18\/10\/2021.<\/strong><\/p>\n<p><em><strong>Infos : d\u00e9j\u00e0 environ 120 r\u00e9ponses<\/strong><\/em><\/p>\n<p>&nbsp;<\/p>\n","protected":false},"excerpt":{"rendered":"<p>Pour de nouveaux usages d\u2019un futur P\u00f4le SAVOIRS \u00e0 CELLIEU Dans le contexte du projet \u00ab&nbsp;R\u00e9novation Centre Bourg \u00e0 CELLIEU&nbsp;\u00bb, l\u2019\u00e9quipe municipale lance une d\u00e9marche d\u2019\u00e9coute de la population. Par ce questionnaire, nous souhaitons recueillir vos attentes, vos id\u00e9es,&nbsp; concernant la m\u00e9diath\u00e8que,&nbsp; mais aussi plus largement sur d\u2019autres besoins, envies sur ce futur lieu&nbsp; P\u00f4le [&hellip;]<\/p>\n","protected":false},"author":22,"featured_media":2571,"comment_status":"closed","ping_status":"closed","sticky":false,"template":"","format":"standard","meta":{"wikipediapreview_detectlinks":true,"ngg_post_thumbnail":0,"_jetpack_memberships_contains_paid_content":false,"footnotes":""},"categories":[11],"tags":[],"class_list":["post-7801","post","type-post","status-publish","format-standard","has-post-thumbnail","hentry","category-commune"],"jetpack_featured_media_url":"https:\/\/cellieu.fr\/press3\/mairie\/wp-content\/uploads\/sites\/2\/2015\/07\/logo_cellieu_2.gif","jetpack_sharing_enabled":true,"_links":{"self":[{"href":"https:\/\/cellieu.fr\/press3\/mairie\/wp-json\/wp\/v2\/posts\/7801","targetHints":{"allow":["GET"]}}],"collection":[{"href":"https:\/\/cellieu.fr\/press3\/mairie\/wp-json\/wp\/v2\/posts"}],"about":[{"href":"https:\/\/cellieu.fr\/press3\/mairie\/wp-json\/wp\/v2\/types\/post"}],"author":[{"embeddable":true,"href":"https:\/\/cellieu.fr\/press3\/mairie\/wp-json\/wp\/v2\/users\/22"}],"replies":[{"embeddable":true,"href":"https:\/\/cellieu.fr\/press3\/mairie\/wp-json\/wp\/v2\/comments?post=7801"}],"version-history":[{"count":11,"href":"https:\/\/cellieu.fr\/press3\/mairie\/wp-json\/wp\/v2\/posts\/7801\/revisions"}],"predecessor-version":[{"id":7947,"href":"https:\/\/cellieu.fr\/press3\/mairie\/wp-json\/wp\/v2\/posts\/7801\/revisions\/7947"}],"wp:featuredmedia":[{"embeddable":true,"href":"https:\/\/cellieu.fr\/press3\/mairie\/wp-json\/wp\/v2\/media\/2571"}],"wp:attachment":[{"href":"https:\/\/cellieu.fr\/press3\/mairie\/wp-json\/wp\/v2\/media?parent=7801"}],"wp:term":[{"taxonomy":"category","embeddable":true,"href":"https:\/\/cellieu.fr\/press3\/mairie\/wp-json\/wp\/v2\/categories?post=7801"},{"taxonomy":"post_tag","embeddable":true,"href":"https:\/\/cellieu.fr\/press3\/mairie\/wp-json\/wp\/v2\/tags?post=7801"}],"curies":[{"name":"wp","href":"https:\/\/api.w.org\/{rel}","templated":true}]}}