{"id":7893,"date":"2021-09-24T08:17:37","date_gmt":"2021-09-24T07:17:37","guid":{"rendered":"https:\/\/cellieu.fr\/press3\/mairie\/?p=7893"},"modified":"2021-09-24T08:17:37","modified_gmt":"2021-09-24T07:17:37","slug":"relais-petite-enfance-intercommunal-du-s-i-p-g-conference-soiree-debat","status":"publish","type":"post","link":"https:\/\/cellieu.fr\/press3\/mairie\/2021\/09\/24\/relais-petite-enfance-intercommunal-du-s-i-p-g-conference-soiree-debat\/","title":{"rendered":"Relais Petite Enfance Intercommunal du S.I.P.G-conf\u00e9rence \u00ab\u00a0soir\u00e9e-d\u00e9bat\u00a0\u00bb"},"content":{"rendered":"<h3 class=\"x_MsoNormal\"><em><strong>Conf\u00e9rence \u00ab soir\u00e9e-d\u00e9bat \u00bb et d\u2019ateliers autour du mouvement et les r\u00e9flexes archa\u00efques pour grandir et apprendre dans le plaisir en direction des enfants et de leurs parents.<\/strong><\/em><\/h3>\n<h3><span style=\"color: #0000ff\">Elle est organis\u00e9e par le Relais Petite Enfance Intercommunal du S.I.P.G <\/span><\/h3>\n<h3><span style=\"color: #0000ff\"><span style=\"color: #ff0000\">le vendredi 1er octobre 2021 de 20h \u00e0 22h Salle de la Buire \u00e0 l&#8217;Horme.<\/span><\/span><\/h3>\n<table style=\"border-collapse: collapse;width: 100%\">\n<tbody>\n<tr>\n<td style=\"width: 50%\"><img loading=\"lazy\" decoding=\"async\" class=\"size-medium wp-image-7894 aligncenter\" src=\"https:\/\/cellieu.fr\/press3\/mairie\/wp-content\/uploads\/sites\/2\/2021\/09\/Reflexes-archaiqes-Debat-1er-oct-212x300.jpg\" alt=\"\" width=\"212\" height=\"300\" srcset=\"https:\/\/cellieu.fr\/press3\/mairie\/wp-content\/uploads\/sites\/2\/2021\/09\/Reflexes-archaiqes-Debat-1er-oct-212x300.jpg 212w, https:\/\/cellieu.fr\/press3\/mairie\/wp-content\/uploads\/sites\/2\/2021\/09\/Reflexes-archaiqes-Debat-1er-oct-724x1024.jpg 724w, https:\/\/cellieu.fr\/press3\/mairie\/wp-content\/uploads\/sites\/2\/2021\/09\/Reflexes-archaiqes-Debat-1er-oct-768x1086.jpg 768w, https:\/\/cellieu.fr\/press3\/mairie\/wp-content\/uploads\/sites\/2\/2021\/09\/Reflexes-archaiqes-Debat-1er-oct-1086x1536.jpg 1086w, https:\/\/cellieu.fr\/press3\/mairie\/wp-content\/uploads\/sites\/2\/2021\/09\/Reflexes-archaiqes-Debat-1er-oct-1448x2048.jpg 1448w, https:\/\/cellieu.fr\/press3\/mairie\/wp-content\/uploads\/sites\/2\/2021\/09\/Reflexes-archaiqes-Debat-1er-oct-624x883.jpg 624w, https:\/\/cellieu.fr\/press3\/mairie\/wp-content\/uploads\/sites\/2\/2021\/09\/Reflexes-archaiqes-Debat-1er-oct-scaled.jpg 1810w\" sizes=\"auto, (max-width: 212px) 100vw, 212px\" \/><\/td>\n<td style=\"width: 50%\"><img loading=\"lazy\" decoding=\"async\" class=\"alignnone size-medium wp-image-7896\" src=\"https:\/\/cellieu.fr\/press3\/mairie\/wp-content\/uploads\/sites\/2\/2021\/09\/Ateliers-parents-2021_page-0001-212x300.jpg\" alt=\"\" width=\"212\" height=\"300\" srcset=\"https:\/\/cellieu.fr\/press3\/mairie\/wp-content\/uploads\/sites\/2\/2021\/09\/Ateliers-parents-2021_page-0001-212x300.jpg 212w, https:\/\/cellieu.fr\/press3\/mairie\/wp-content\/uploads\/sites\/2\/2021\/09\/Ateliers-parents-2021_page-0001-724x1024.jpg 724w, https:\/\/cellieu.fr\/press3\/mairie\/wp-content\/uploads\/sites\/2\/2021\/09\/Ateliers-parents-2021_page-0001-768x1086.jpg 768w, https:\/\/cellieu.fr\/press3\/mairie\/wp-content\/uploads\/sites\/2\/2021\/09\/Ateliers-parents-2021_page-0001-1086x1536.jpg 1086w, https:\/\/cellieu.fr\/press3\/mairie\/wp-content\/uploads\/sites\/2\/2021\/09\/Ateliers-parents-2021_page-0001-1448x2048.jpg 1448w, https:\/\/cellieu.fr\/press3\/mairie\/wp-content\/uploads\/sites\/2\/2021\/09\/Ateliers-parents-2021_page-0001-624x883.jpg 624w, https:\/\/cellieu.fr\/press3\/mairie\/wp-content\/uploads\/sites\/2\/2021\/09\/Ateliers-parents-2021_page-0001-scaled.jpg 1810w\" sizes=\"auto, (max-width: 212px) 100vw, 212px\" \/><\/p>\n<p>&nbsp;<\/td>\n<\/tr>\n<\/tbody>\n<\/table>\n<p>&nbsp;<\/p>\n<p>&nbsp;<\/p>\n","protected":false},"excerpt":{"rendered":"<p>Conf\u00e9rence \u00ab soir\u00e9e-d\u00e9bat \u00bb et d\u2019ateliers autour du mouvement et les r\u00e9flexes archa\u00efques pour grandir et apprendre dans le plaisir en direction des enfants et de leurs parents. Elle est organis\u00e9e par le Relais Petite Enfance Intercommunal du S.I.P.G le vendredi 1er octobre 2021 de 20h \u00e0 22h Salle de la Buire \u00e0 l&#8217;Horme. &nbsp; [&hellip;]<\/p>\n","protected":false},"author":5,"featured_media":7897,"comment_status":"closed","ping_status":"closed","sticky":false,"template":"","format":"standard","meta":{"wikipediapreview_detectlinks":true,"ngg_post_thumbnail":0,"_jetpack_memberships_contains_paid_content":false,"footnotes":""},"categories":[39],"tags":[],"class_list":["post-7893","post","type-post","status-publish","format-standard","has-post-thumbnail","hentry","category-sipg"],"jetpack_featured_media_url":"https:\/\/cellieu.fr\/press3\/mairie\/wp-content\/uploads\/sites\/2\/2021\/09\/logo-Pays-du-Gier.png","jetpack_sharing_enabled":true,"_links":{"self":[{"href":"https:\/\/cellieu.fr\/press3\/mairie\/wp-json\/wp\/v2\/posts\/7893","targetHints":{"allow":["GET"]}}],"collection":[{"href":"https:\/\/cellieu.fr\/press3\/mairie\/wp-json\/wp\/v2\/posts"}],"about":[{"href":"https:\/\/cellieu.fr\/press3\/mairie\/wp-json\/wp\/v2\/types\/post"}],"author":[{"embeddable":true,"href":"https:\/\/cellieu.fr\/press3\/mairie\/wp-json\/wp\/v2\/users\/5"}],"replies":[{"embeddable":true,"href":"https:\/\/cellieu.fr\/press3\/mairie\/wp-json\/wp\/v2\/comments?post=7893"}],"version-history":[{"count":3,"href":"https:\/\/cellieu.fr\/press3\/mairie\/wp-json\/wp\/v2\/posts\/7893\/revisions"}],"predecessor-version":[{"id":7900,"href":"https:\/\/cellieu.fr\/press3\/mairie\/wp-json\/wp\/v2\/posts\/7893\/revisions\/7900"}],"wp:featuredmedia":[{"embeddable":true,"href":"https:\/\/cellieu.fr\/press3\/mairie\/wp-json\/wp\/v2\/media\/7897"}],"wp:attachment":[{"href":"https:\/\/cellieu.fr\/press3\/mairie\/wp-json\/wp\/v2\/media?parent=7893"}],"wp:term":[{"taxonomy":"category","embeddable":true,"href":"https:\/\/cellieu.fr\/press3\/mairie\/wp-json\/wp\/v2\/categories?post=7893"},{"taxonomy":"post_tag","embeddable":true,"href":"https:\/\/cellieu.fr\/press3\/mairie\/wp-json\/wp\/v2\/tags?post=7893"}],"curies":[{"name":"wp","href":"https:\/\/api.w.org\/{rel}","templated":true}]}}