{"id":7920,"date":"2021-10-04T10:51:05","date_gmt":"2021-10-04T09:51:05","guid":{"rendered":"https:\/\/cellieu.fr\/press3\/mairie\/?p=7920"},"modified":"2021-10-04T10:51:05","modified_gmt":"2021-10-04T09:51:05","slug":"dons-du-sang-appel-aux-benevoles","status":"publish","type":"post","link":"https:\/\/cellieu.fr\/press3\/mairie\/2021\/10\/04\/dons-du-sang-appel-aux-benevoles\/","title":{"rendered":"Dons du sang &#8211; appel aux b\u00e9n\u00e9voles"},"content":{"rendered":"<p>L&#8217;association cellieutaire de collecte du Don du sang recherche des b\u00e9n\u00e9voles pour encadrer les trois collectes annuelles organis\u00e9es sur la commune. Renseignements et candidatures au secr\u00e9tariat de mairie.<\/p>\n","protected":false},"excerpt":{"rendered":"<p>L&#8217;association cellieutaire de collecte du Don du sang recherche des b\u00e9n\u00e9voles pour encadrer les trois collectes annuelles organis\u00e9es sur la commune. Renseignements et candidatures au secr\u00e9tariat de mairie.<\/p>\n","protected":false},"author":5,"featured_media":7921,"comment_status":"closed","ping_status":"closed","sticky":false,"template":"","format":"standard","meta":{"wikipediapreview_detectlinks":true,"ngg_post_thumbnail":0,"_jetpack_memberships_contains_paid_content":false,"footnotes":""},"categories":[1],"tags":[],"class_list":["post-7920","post","type-post","status-publish","format-standard","has-post-thumbnail","hentry","category-non-classe"],"jetpack_featured_media_url":"https:\/\/cellieu.fr\/press3\/mairie\/wp-content\/uploads\/sites\/2\/2021\/10\/logo-don-du-sang.jpg","jetpack_sharing_enabled":true,"_links":{"self":[{"href":"https:\/\/cellieu.fr\/press3\/mairie\/wp-json\/wp\/v2\/posts\/7920","targetHints":{"allow":["GET"]}}],"collection":[{"href":"https:\/\/cellieu.fr\/press3\/mairie\/wp-json\/wp\/v2\/posts"}],"about":[{"href":"https:\/\/cellieu.fr\/press3\/mairie\/wp-json\/wp\/v2\/types\/post"}],"author":[{"embeddable":true,"href":"https:\/\/cellieu.fr\/press3\/mairie\/wp-json\/wp\/v2\/users\/5"}],"replies":[{"embeddable":true,"href":"https:\/\/cellieu.fr\/press3\/mairie\/wp-json\/wp\/v2\/comments?post=7920"}],"version-history":[{"count":2,"href":"https:\/\/cellieu.fr\/press3\/mairie\/wp-json\/wp\/v2\/posts\/7920\/revisions"}],"predecessor-version":[{"id":7923,"href":"https:\/\/cellieu.fr\/press3\/mairie\/wp-json\/wp\/v2\/posts\/7920\/revisions\/7923"}],"wp:featuredmedia":[{"embeddable":true,"href":"https:\/\/cellieu.fr\/press3\/mairie\/wp-json\/wp\/v2\/media\/7921"}],"wp:attachment":[{"href":"https:\/\/cellieu.fr\/press3\/mairie\/wp-json\/wp\/v2\/media?parent=7920"}],"wp:term":[{"taxonomy":"category","embeddable":true,"href":"https:\/\/cellieu.fr\/press3\/mairie\/wp-json\/wp\/v2\/categories?post=7920"},{"taxonomy":"post_tag","embeddable":true,"href":"https:\/\/cellieu.fr\/press3\/mairie\/wp-json\/wp\/v2\/tags?post=7920"}],"curies":[{"name":"wp","href":"https:\/\/api.w.org\/{rel}","templated":true}]}}