{"id":7929,"date":"2021-10-07T09:11:18","date_gmt":"2021-10-07T08:11:18","guid":{"rendered":"https:\/\/cellieu.fr\/press3\/mairie\/?p=7929"},"modified":"2021-10-07T09:11:18","modified_gmt":"2021-10-07T08:11:18","slug":"coupure-electricite-28-octobre-2021","status":"publish","type":"post","link":"https:\/\/cellieu.fr\/press3\/mairie\/2021\/10\/07\/coupure-electricite-28-octobre-2021\/","title":{"rendered":"Coupure \u00e9lectricit\u00e9 28 octobre 2021"},"content":{"rendered":"<p>Pour r\u00e9pondre aux besoins de sa client\u00e8le, Enedis a pr\u00e9vu de r\u00e9aliser sur le r\u00e9seau de distribution des travaux qui entra\u00eeneront une ou plusieurs coupures d\u2019\u00e9lectricit\u00e9.<\/p>\n<p>Pour prot\u00e9ger au mieux vos appareils sensibles, nous vous recommandons de les d\u00e9brancher avant l&#8217;heure de d\u00e9but de coupure indiqu\u00e9e, et de ne les rebrancher qu\u2019une fois le courant r\u00e9tabli.<\/p>\n<p><em>Horaires des coupures&nbsp;:<\/em><\/p>\n<p>jeudi 28 octobre 2021<\/p>\n<p>de 13h30 \u00e0 17h00<\/p>\n<p><em>Quartiers ou lieux-dits :<\/em><\/p>\n<p>2934 ROUTE DE PEYRIEUX<\/p>\n<p>1199, 2637, 2699, 2769, 2859, 2875, 2987, 2590, 2638, 2680, 2752, 2934, 2960, 2994, 3072 ROUTE DE PEYRIEUX<\/p>\n<p>106 ROUTE DE LA CHIRONDIERE<\/p>\n<p>Merci de votre compr\u00e9hension<\/p>\n","protected":false},"excerpt":{"rendered":"<p>Pour r\u00e9pondre aux besoins de sa client\u00e8le, Enedis a pr\u00e9vu de r\u00e9aliser sur le r\u00e9seau de distribution des travaux qui entra\u00eeneront une ou plusieurs coupures d\u2019\u00e9lectricit\u00e9. Pour prot\u00e9ger au mieux vos appareils sensibles, nous vous recommandons de les d\u00e9brancher avant l&#8217;heure de d\u00e9but de coupure indiqu\u00e9e, et de ne les rebrancher qu\u2019une fois le courant [&hellip;]<\/p>\n","protected":false},"author":5,"featured_media":5136,"comment_status":"closed","ping_status":"closed","sticky":false,"template":"","format":"standard","meta":{"wikipediapreview_detectlinks":true,"ngg_post_thumbnail":0,"_jetpack_memberships_contains_paid_content":false,"footnotes":""},"categories":[1],"tags":[],"class_list":["post-7929","post","type-post","status-publish","format-standard","has-post-thumbnail","hentry","category-non-classe"],"jetpack_featured_media_url":"https:\/\/cellieu.fr\/press3\/mairie\/wp-content\/uploads\/sites\/2\/2018\/11\/avis_coupure_enedis-e1469195880727-1-1.png","jetpack_sharing_enabled":true,"_links":{"self":[{"href":"https:\/\/cellieu.fr\/press3\/mairie\/wp-json\/wp\/v2\/posts\/7929","targetHints":{"allow":["GET"]}}],"collection":[{"href":"https:\/\/cellieu.fr\/press3\/mairie\/wp-json\/wp\/v2\/posts"}],"about":[{"href":"https:\/\/cellieu.fr\/press3\/mairie\/wp-json\/wp\/v2\/types\/post"}],"author":[{"embeddable":true,"href":"https:\/\/cellieu.fr\/press3\/mairie\/wp-json\/wp\/v2\/users\/5"}],"replies":[{"embeddable":true,"href":"https:\/\/cellieu.fr\/press3\/mairie\/wp-json\/wp\/v2\/comments?post=7929"}],"version-history":[{"count":1,"href":"https:\/\/cellieu.fr\/press3\/mairie\/wp-json\/wp\/v2\/posts\/7929\/revisions"}],"predecessor-version":[{"id":7930,"href":"https:\/\/cellieu.fr\/press3\/mairie\/wp-json\/wp\/v2\/posts\/7929\/revisions\/7930"}],"wp:featuredmedia":[{"embeddable":true,"href":"https:\/\/cellieu.fr\/press3\/mairie\/wp-json\/wp\/v2\/media\/5136"}],"wp:attachment":[{"href":"https:\/\/cellieu.fr\/press3\/mairie\/wp-json\/wp\/v2\/media?parent=7929"}],"wp:term":[{"taxonomy":"category","embeddable":true,"href":"https:\/\/cellieu.fr\/press3\/mairie\/wp-json\/wp\/v2\/categories?post=7929"},{"taxonomy":"post_tag","embeddable":true,"href":"https:\/\/cellieu.fr\/press3\/mairie\/wp-json\/wp\/v2\/tags?post=7929"}],"curies":[{"name":"wp","href":"https:\/\/api.w.org\/{rel}","templated":true}]}}