{"id":8120,"date":"2021-11-26T10:57:22","date_gmt":"2021-11-26T09:57:22","guid":{"rendered":"https:\/\/cellieu.fr\/press3\/mairie\/?p=8120"},"modified":"2021-11-26T10:57:22","modified_gmt":"2021-11-26T09:57:22","slug":"reunion-publique-amenagement-centre-bourg-le-vendredi-10-decembre-a-19h","status":"publish","type":"post","link":"https:\/\/cellieu.fr\/press3\/mairie\/2021\/11\/26\/reunion-publique-amenagement-centre-bourg-le-vendredi-10-decembre-a-19h\/","title":{"rendered":"R\u00e9union Publique Am\u00e9nagement Centre Bourg le Vendredi 10 D\u00e9cembre \u00e0 19H"},"content":{"rendered":"<p>&nbsp;<\/p>\n<p>&nbsp;<\/p>\n<a href=\"https:\/\/cellieu.fr\/press3\/mairie\/wp-content\/uploads\/sites\/2\/2021\/11\/11-2021-affiche-Reunion-publique-10.12.21.pdf\" class=\"pdfemb-viewer\" style=\"\" data-width=\"max\" data-height=\"max\" data-toolbar=\"bottom\" data-toolbar-fixed=\"off\">11 2021 affiche R\u00e9union publique 10.12.21<\/a>\n<h2><span style=\"color: #ff0000\"><em>Espace Favi\u00e8re \u00e0 19H!<\/em><\/span><\/h2>\n<ol>\n<li><span style=\"color: #000000\"><strong>Pr\u00e9sentation du projet de la municipalit\u00e9.<\/strong><\/span><\/li>\n<li><span style=\"color: #000000\"><strong>Analyse des r\u00e9sultats du questionnaire P\u00f4le Savoirs.<\/strong><\/span><\/li>\n<li><span style=\"color: #000000\"><strong> Parole aux Cellieutaires afin que ce projet r\u00e9ponde au mieux \u00e0 vos attentes ! <\/strong><\/span><\/li>\n<\/ol>\n<h1><span style=\"color: #0000ff\"><strong>Vous \u00eates tous concern\u00e9s !<\/strong><\/span><\/h1>\n<h1><em><span style=\"color: #0000ff\"><strong>Venez nombreux !<\/strong><\/span><\/em><\/h1>\n<p>&nbsp;<\/p>\n<table style=\"border-collapse: collapse;width: 100%\">\n<tbody>\n<tr>\n<td style=\"width: 36.2134%\"><img loading=\"lazy\" decoding=\"async\" class=\"alignnone size-medium wp-image-8125\" src=\"https:\/\/cellieu.fr\/press3\/mairie\/wp-content\/uploads\/sites\/2\/2021\/11\/telechargement-300x300.jpg\" alt=\"\" width=\"300\" height=\"300\" srcset=\"https:\/\/cellieu.fr\/press3\/mairie\/wp-content\/uploads\/sites\/2\/2021\/11\/telechargement-300x300.jpg 300w, https:\/\/cellieu.fr\/press3\/mairie\/wp-content\/uploads\/sites\/2\/2021\/11\/telechargement-150x150.jpg 150w, https:\/\/cellieu.fr\/press3\/mairie\/wp-content\/uploads\/sites\/2\/2021\/11\/telechargement-768x768.jpg 768w, https:\/\/cellieu.fr\/press3\/mairie\/wp-content\/uploads\/sites\/2\/2021\/11\/telechargement-144x144.jpg 144w, https:\/\/cellieu.fr\/press3\/mairie\/wp-content\/uploads\/sites\/2\/2021\/11\/telechargement-624x624.jpg 624w, https:\/\/cellieu.fr\/press3\/mairie\/wp-content\/uploads\/sites\/2\/2021\/11\/telechargement.jpg 1000w\" sizes=\"auto, (max-width: 300px) 100vw, 300px\" \/><\/td>\n<td style=\"width: 63.7866%\"><strong><img loading=\"lazy\" decoding=\"async\" class=\"alignnone size-medium wp-image-8124\" src=\"https:\/\/cellieu.fr\/press3\/mairie\/wp-content\/uploads\/sites\/2\/2021\/11\/image001_imagelarge-235x300.png\" alt=\"\" width=\"235\" height=\"300\" srcset=\"https:\/\/cellieu.fr\/press3\/mairie\/wp-content\/uploads\/sites\/2\/2021\/11\/image001_imagelarge-235x300.png 235w, https:\/\/cellieu.fr\/press3\/mairie\/wp-content\/uploads\/sites\/2\/2021\/11\/image001_imagelarge.png 397w\" sizes=\"auto, (max-width: 235px) 100vw, 235px\" \/><\/strong><\/td>\n<\/tr>\n<\/tbody>\n<\/table>\n<p>&nbsp;<\/p>\n<p>&nbsp;<\/p>\n","protected":false},"excerpt":{"rendered":"<p>&nbsp; &nbsp; Espace Favi\u00e8re \u00e0 19H! Pr\u00e9sentation du projet de la municipalit\u00e9. Analyse des r\u00e9sultats du questionnaire P\u00f4le Savoirs. Parole aux Cellieutaires afin que ce projet r\u00e9ponde au mieux \u00e0 vos attentes ! Vous \u00eates tous concern\u00e9s ! Venez nombreux ! &nbsp; &nbsp; &nbsp;<\/p>\n","protected":false},"author":5,"featured_media":8021,"comment_status":"closed","ping_status":"closed","sticky":false,"template":"","format":"standard","meta":{"wikipediapreview_detectlinks":true,"ngg_post_thumbnail":0,"_jetpack_memberships_contains_paid_content":false,"footnotes":""},"categories":[11],"tags":[],"class_list":["post-8120","post","type-post","status-publish","format-standard","has-post-thumbnail","hentry","category-commune"],"jetpack_featured_media_url":"https:\/\/cellieu.fr\/press3\/mairie\/wp-content\/uploads\/sites\/2\/2021\/10\/logo-cellieu-e1643359422870.jpg","jetpack_sharing_enabled":true,"_links":{"self":[{"href":"https:\/\/cellieu.fr\/press3\/mairie\/wp-json\/wp\/v2\/posts\/8120","targetHints":{"allow":["GET"]}}],"collection":[{"href":"https:\/\/cellieu.fr\/press3\/mairie\/wp-json\/wp\/v2\/posts"}],"about":[{"href":"https:\/\/cellieu.fr\/press3\/mairie\/wp-json\/wp\/v2\/types\/post"}],"author":[{"embeddable":true,"href":"https:\/\/cellieu.fr\/press3\/mairie\/wp-json\/wp\/v2\/users\/5"}],"replies":[{"embeddable":true,"href":"https:\/\/cellieu.fr\/press3\/mairie\/wp-json\/wp\/v2\/comments?post=8120"}],"version-history":[{"count":5,"href":"https:\/\/cellieu.fr\/press3\/mairie\/wp-json\/wp\/v2\/posts\/8120\/revisions"}],"predecessor-version":[{"id":8128,"href":"https:\/\/cellieu.fr\/press3\/mairie\/wp-json\/wp\/v2\/posts\/8120\/revisions\/8128"}],"wp:featuredmedia":[{"embeddable":true,"href":"https:\/\/cellieu.fr\/press3\/mairie\/wp-json\/wp\/v2\/media\/8021"}],"wp:attachment":[{"href":"https:\/\/cellieu.fr\/press3\/mairie\/wp-json\/wp\/v2\/media?parent=8120"}],"wp:term":[{"taxonomy":"category","embeddable":true,"href":"https:\/\/cellieu.fr\/press3\/mairie\/wp-json\/wp\/v2\/categories?post=8120"},{"taxonomy":"post_tag","embeddable":true,"href":"https:\/\/cellieu.fr\/press3\/mairie\/wp-json\/wp\/v2\/tags?post=8120"}],"curies":[{"name":"wp","href":"https:\/\/api.w.org\/{rel}","templated":true}]}}