{"id":8907,"date":"2022-07-26T13:12:25","date_gmt":"2022-07-26T12:12:25","guid":{"rendered":"https:\/\/cellieu.fr\/press3\/mairie\/?p=8907"},"modified":"2022-07-26T13:12:25","modified_gmt":"2022-07-26T12:12:25","slug":"secheresse-agravation-de-la-situation","status":"publish","type":"post","link":"https:\/\/cellieu.fr\/press3\/mairie\/2022\/07\/26\/secheresse-agravation-de-la-situation\/","title":{"rendered":"SECHERESSE &#8211; AGRAVATION DE LA SITUATION"},"content":{"rendered":"<p>La p\u00e9riode de fortes chaleurs que traverse actuellement le d\u00e9partement et l\u2019absence de pluies depuis fin juin ont eu pour cons\u00e9quence une forte baisse des d\u00e9bits des cours d\u2019eau. L\u2019absence de pr\u00e9cipitations dans les semaines \u00e0 venir nous conduit \u00e0 envisager une d\u00e9gradation de la situation hydrologique du d\u00e9partement.<\/p>\n<p><strong>Dans ce contexte, la pr\u00e9fecture d\u00e9cide de prendre par <a href=\"https:\/\/cellieu.fr\/press3\/mairie\/wp-content\/uploads\/sites\/2\/2022\/07\/2207-ArreteSecheresse-pref.pdf\" target=\"_blank\" rel=\"noopener\">arr\u00eat\u00e9<\/a> des mesures afin de pr\u00e9server les usages prioritaires et la survie des \u00e9cosyst\u00e8mes aquatiques&nbsp;<\/strong><\/p>\n<p>&nbsp;Concernant la zone Gier dont Cellieu fait partie, les principales mesures de restrictions concernant les particuliers sont accentu\u00e9es :<\/p>\n<ul class=\"spip\">\n<li><strong>interdiction d\u2019arrosage des fleurs et massifs fleuris&nbsp;<\/strong>;<\/li>\n<li><strong>limitation des horaires d\u2019utilisation de l\u2019eau pour l\u2019arrosage des jardins potagers et plantations arbor\u00e9es&nbsp;: interdite de 8 h \u00e0 20 h.<\/strong><\/li>\n<\/ul>\n<p>Pour les usages \u00e9conomiques de l\u2019eau (par les entreprises)&nbsp;:<\/p>\n<ul class=\"spip\">\n<li>seuls les pr\u00e9l\u00e8vements indispensables dans les process de fabrication industrielle sont autoris\u00e9s<\/li>\n<li>l\u2019irrigation des cultures agricoles est soumise \u00e0 des restrictions horaires suppl\u00e9mentaires, qui d\u00e9pendent des cultures concern\u00e9es et des mat\u00e9riels utilis\u00e9s, l\u2019irrigation des prairies de gramin\u00e9es est interdite. Ces limitations ne s\u2019appliquent pas aux retenues de stockage ni au canal du Forez.<\/li>\n<\/ul>\n<p>Le pr\u00e9l\u00e8vement dans les cours d\u2019eau (bief, pompage) ou dans les nappes pour le remplissage des plans d\u2019eau est totalement interdit.<\/p>\n<p>&nbsp;<\/p>\n<p><strong>Le d\u00e9tail des mesures de limitation et les communes concern\u00e9es sont annex\u00e9s \u00e0 l\u2019arr\u00eat\u00e9 pr\u00e9fectoral et consultables sur le site Internet des services de l\u2019\u00c9tat (<a class=\"spip_url auto\" href=\"http:\/\/www.loire.gouv.fr\/\" rel=\"nofollow\">http:\/\/www.loire.gouv.fr\/<\/a>) ou en mairie.<\/strong><br class=\"autobr\"><span class=\"spip_document_180283132 spip_documents\"><a class=\"LienTelecharg\" title=\"carte secheresse - pdf - 422.9 ko (ouverture nouvelle fen\u00eatre)\" href=\"https:\/\/cellieu.fr\/press3\/mairie\/wp-content\/uploads\/sites\/2\/2022\/07\/22-07-secheresse-carte.pdf\" target=\"_blank\" rel=\"noopener\">carte secheresse<\/a>&nbsp;<\/span><\/p>\n","protected":false},"excerpt":{"rendered":"<p>La p\u00e9riode de fortes chaleurs que traverse actuellement le d\u00e9partement et l\u2019absence de pluies depuis fin juin ont eu pour cons\u00e9quence une forte baisse des d\u00e9bits des cours d\u2019eau. L\u2019absence de pr\u00e9cipitations dans les semaines \u00e0 venir nous conduit \u00e0 envisager une d\u00e9gradation de la situation hydrologique du d\u00e9partement. Dans ce contexte, la pr\u00e9fecture d\u00e9cide [&hellip;]<\/p>\n","protected":false},"author":5,"featured_media":8688,"comment_status":"closed","ping_status":"closed","sticky":false,"template":"","format":"standard","meta":{"wikipediapreview_detectlinks":true,"ngg_post_thumbnail":0,"_jetpack_memberships_contains_paid_content":false,"footnotes":""},"categories":[1],"tags":[],"class_list":["post-8907","post","type-post","status-publish","format-standard","has-post-thumbnail","hentry","category-non-classe"],"jetpack_featured_media_url":"https:\/\/cellieu.fr\/press3\/mairie\/wp-content\/uploads\/sites\/2\/2022\/05\/logo-pref.jpg","jetpack_sharing_enabled":true,"_links":{"self":[{"href":"https:\/\/cellieu.fr\/press3\/mairie\/wp-json\/wp\/v2\/posts\/8907","targetHints":{"allow":["GET"]}}],"collection":[{"href":"https:\/\/cellieu.fr\/press3\/mairie\/wp-json\/wp\/v2\/posts"}],"about":[{"href":"https:\/\/cellieu.fr\/press3\/mairie\/wp-json\/wp\/v2\/types\/post"}],"author":[{"embeddable":true,"href":"https:\/\/cellieu.fr\/press3\/mairie\/wp-json\/wp\/v2\/users\/5"}],"replies":[{"embeddable":true,"href":"https:\/\/cellieu.fr\/press3\/mairie\/wp-json\/wp\/v2\/comments?post=8907"}],"version-history":[{"count":1,"href":"https:\/\/cellieu.fr\/press3\/mairie\/wp-json\/wp\/v2\/posts\/8907\/revisions"}],"predecessor-version":[{"id":8911,"href":"https:\/\/cellieu.fr\/press3\/mairie\/wp-json\/wp\/v2\/posts\/8907\/revisions\/8911"}],"wp:featuredmedia":[{"embeddable":true,"href":"https:\/\/cellieu.fr\/press3\/mairie\/wp-json\/wp\/v2\/media\/8688"}],"wp:attachment":[{"href":"https:\/\/cellieu.fr\/press3\/mairie\/wp-json\/wp\/v2\/media?parent=8907"}],"wp:term":[{"taxonomy":"category","embeddable":true,"href":"https:\/\/cellieu.fr\/press3\/mairie\/wp-json\/wp\/v2\/categories?post=8907"},{"taxonomy":"post_tag","embeddable":true,"href":"https:\/\/cellieu.fr\/press3\/mairie\/wp-json\/wp\/v2\/tags?post=8907"}],"curies":[{"name":"wp","href":"https:\/\/api.w.org\/{rel}","templated":true}]}}