{"id":8969,"date":"2022-08-22T15:02:52","date_gmt":"2022-08-22T14:02:52","guid":{"rendered":"https:\/\/cellieu.fr\/press3\/mairie\/?p=8969"},"modified":"2022-08-22T15:02:52","modified_gmt":"2022-08-22T14:02:52","slug":"reouverture-de-la-mediatheque-mardi-30-aout-14h","status":"publish","type":"post","link":"https:\/\/cellieu.fr\/press3\/mairie\/2022\/08\/22\/reouverture-de-la-mediatheque-mardi-30-aout-14h\/","title":{"rendered":"R\u00e9ouverture de la M\u00e9diath\u00e8que Mardi 30 Ao\u00fbt &#8211; 14H"},"content":{"rendered":"<p>&nbsp;<\/p>\n<p>&nbsp;<\/p>\n<p>&nbsp;<\/p>\n<p><img loading=\"lazy\" decoding=\"async\" class=\"alignnone size-medium wp-image-8970\" src=\"https:\/\/cellieu.fr\/press3\/mairie\/wp-content\/uploads\/sites\/2\/2022\/08\/pile-de-livres-300x237.jpg\" alt=\"\" width=\"300\" height=\"237\" srcset=\"https:\/\/cellieu.fr\/press3\/mairie\/wp-content\/uploads\/sites\/2\/2022\/08\/pile-de-livres-300x237.jpg 300w, https:\/\/cellieu.fr\/press3\/mairie\/wp-content\/uploads\/sites\/2\/2022\/08\/pile-de-livres-624x493.jpg 624w, https:\/\/cellieu.fr\/press3\/mairie\/wp-content\/uploads\/sites\/2\/2022\/08\/pile-de-livres.jpg 718w\" sizes=\"auto, (max-width: 300px) 100vw, 300px\" \/> C&#8217;est la rentr\u00e9e ! la M\u00e9diath\u00e8que sera ouverte le mardi 30 Ao\u00fbt \u00e0 14H !<\/p>\n","protected":false},"excerpt":{"rendered":"<p>&nbsp; &nbsp; &nbsp; C&#8217;est la rentr\u00e9e ! la M\u00e9diath\u00e8que sera ouverte le mardi 30 Ao\u00fbt \u00e0 14H !<\/p>\n","protected":false},"author":5,"featured_media":8524,"comment_status":"closed","ping_status":"closed","sticky":false,"template":"","format":"standard","meta":{"wikipediapreview_detectlinks":true,"ngg_post_thumbnail":0,"_jetpack_memberships_contains_paid_content":false,"footnotes":""},"categories":[11],"tags":[],"class_list":["post-8969","post","type-post","status-publish","format-standard","has-post-thumbnail","hentry","category-commune"],"jetpack_featured_media_url":"https:\/\/cellieu.fr\/press3\/mairie\/wp-content\/uploads\/sites\/2\/2022\/04\/CELLIEU-VECTO-LOGOTYPE-COULEUR.jpg","jetpack_sharing_enabled":true,"_links":{"self":[{"href":"https:\/\/cellieu.fr\/press3\/mairie\/wp-json\/wp\/v2\/posts\/8969","targetHints":{"allow":["GET"]}}],"collection":[{"href":"https:\/\/cellieu.fr\/press3\/mairie\/wp-json\/wp\/v2\/posts"}],"about":[{"href":"https:\/\/cellieu.fr\/press3\/mairie\/wp-json\/wp\/v2\/types\/post"}],"author":[{"embeddable":true,"href":"https:\/\/cellieu.fr\/press3\/mairie\/wp-json\/wp\/v2\/users\/5"}],"replies":[{"embeddable":true,"href":"https:\/\/cellieu.fr\/press3\/mairie\/wp-json\/wp\/v2\/comments?post=8969"}],"version-history":[{"count":1,"href":"https:\/\/cellieu.fr\/press3\/mairie\/wp-json\/wp\/v2\/posts\/8969\/revisions"}],"predecessor-version":[{"id":8971,"href":"https:\/\/cellieu.fr\/press3\/mairie\/wp-json\/wp\/v2\/posts\/8969\/revisions\/8971"}],"wp:featuredmedia":[{"embeddable":true,"href":"https:\/\/cellieu.fr\/press3\/mairie\/wp-json\/wp\/v2\/media\/8524"}],"wp:attachment":[{"href":"https:\/\/cellieu.fr\/press3\/mairie\/wp-json\/wp\/v2\/media?parent=8969"}],"wp:term":[{"taxonomy":"category","embeddable":true,"href":"https:\/\/cellieu.fr\/press3\/mairie\/wp-json\/wp\/v2\/categories?post=8969"},{"taxonomy":"post_tag","embeddable":true,"href":"https:\/\/cellieu.fr\/press3\/mairie\/wp-json\/wp\/v2\/tags?post=8969"}],"curies":[{"name":"wp","href":"https:\/\/api.w.org\/{rel}","templated":true}]}}