{"id":8984,"date":"2022-08-30T07:15:12","date_gmt":"2022-08-30T06:15:12","guid":{"rendered":"https:\/\/cellieu.fr\/press3\/mairie\/?p=8984"},"modified":"2022-08-31T08:31:28","modified_gmt":"2022-08-31T07:31:28","slug":"reunion-publique-a-cellieu-renovation-energetique","status":"publish","type":"post","link":"https:\/\/cellieu.fr\/press3\/mairie\/2022\/08\/30\/reunion-publique-a-cellieu-renovation-energetique\/","title":{"rendered":"R\u00e9union Publique \u00e0 Cellieu : R\u00e9novation \u00e9nerg\u00e9tique"},"content":{"rendered":"<h3><a href=\"https:\/\/cellieu.fr\/press3\/mairie\/wp-content\/uploads\/sites\/2\/2022\/08\/Reunion-Publique-7-oct-2022.pdf\" target=\"_blank\" rel=\"noopener\"><img loading=\"lazy\" decoding=\"async\" class=\"size-medium wp-image-8986 alignleft\" src=\"https:\/\/cellieu.fr\/press3\/mairie\/wp-content\/uploads\/sites\/2\/2022\/08\/reduit-reun-publi-204x300.png\" alt=\"\" width=\"211\" height=\"300\"><\/a><span style=\"font-size: 16px;\">La Mairie de Cellieu organise une r\u00e9union publique,<\/span><span style=\"color: #0000ff;\"> le Vendredi 7 Octobre, \u00e0 19h<\/span><span style=\"font-size: 16px;\">, \u00e0 l\u2019Espace la Favi\u00e8re, <\/span><span style=\"color: #ff0000;\">sur le th\u00e8me de la R\u00e9novation Energ\u00e9tique des habitations.<\/span><\/h3>\n<h3><em><strong>Au programme&nbsp;:<\/strong><\/em><\/h3>\n<p>\u2022&nbsp;&nbsp;&nbsp;&nbsp;&nbsp;&nbsp;&nbsp;&nbsp;&nbsp;&nbsp;&nbsp;&nbsp; Isoler\/R\u00e9nover sa maison : R\u00e9nov&#8217;Actions42<\/p>\n<p>\u2022&nbsp;&nbsp;&nbsp;&nbsp;&nbsp;&nbsp;&nbsp;&nbsp;&nbsp;&nbsp;&nbsp;&nbsp; Moderniser\/Changer son chauffage : R\u00e9nov&#8217;Actions42<\/p>\n<p>\u2022&nbsp;&nbsp;&nbsp;&nbsp;&nbsp;&nbsp;&nbsp;&nbsp;&nbsp;&nbsp;&nbsp;&nbsp; Installer des panneaux photovolta\u00efques : SolarCoop<\/p>\n<p><em><strong>Les intervenants&nbsp;:<\/strong><\/em><\/p>\n<ul style=\"list-style-type: disc;\">\n<li><a href=\"https:\/\/www.renovactions42.org\/\" target=\"_blank\" rel=\"noopener\">R\u00e9nov&#8217;Actions42<\/a><\/li>\n<li><a href=\"https:\/\/www.solarcoop.fr\/\" target=\"_blank\" rel=\"noopener\">SOLARCOOP<\/a><\/li>\n<\/ul>\n","protected":false},"excerpt":{"rendered":"<p>La Mairie de Cellieu organise une r\u00e9union publique, le Vendredi 7 Octobre, \u00e0 19h, \u00e0 l\u2019Espace la Favi\u00e8re, sur le th\u00e8me de la R\u00e9novation Energ\u00e9tique des habitations. Au programme&nbsp;: \u2022&nbsp;&nbsp;&nbsp;&nbsp;&nbsp;&nbsp;&nbsp;&nbsp;&nbsp;&nbsp;&nbsp;&nbsp; Isoler\/R\u00e9nover sa maison : R\u00e9nov&#8217;Actions42 \u2022&nbsp;&nbsp;&nbsp;&nbsp;&nbsp;&nbsp;&nbsp;&nbsp;&nbsp;&nbsp;&nbsp;&nbsp; Moderniser\/Changer son chauffage : R\u00e9nov&#8217;Actions42 \u2022&nbsp;&nbsp;&nbsp;&nbsp;&nbsp;&nbsp;&nbsp;&nbsp;&nbsp;&nbsp;&nbsp;&nbsp; Installer des panneaux photovolta\u00efques : SolarCoop Les intervenants&nbsp;: R\u00e9nov&#8217;Actions42 SOLARCOOP<\/p>\n","protected":false},"author":5,"featured_media":0,"comment_status":"closed","ping_status":"closed","sticky":false,"template":"","format":"standard","meta":{"wikipediapreview_detectlinks":true,"ngg_post_thumbnail":0,"_jetpack_memberships_contains_paid_content":false,"footnotes":""},"categories":[11],"tags":[],"class_list":["post-8984","post","type-post","status-publish","format-standard","hentry","category-commune"],"jetpack_featured_media_url":"","jetpack_sharing_enabled":true,"_links":{"self":[{"href":"https:\/\/cellieu.fr\/press3\/mairie\/wp-json\/wp\/v2\/posts\/8984","targetHints":{"allow":["GET"]}}],"collection":[{"href":"https:\/\/cellieu.fr\/press3\/mairie\/wp-json\/wp\/v2\/posts"}],"about":[{"href":"https:\/\/cellieu.fr\/press3\/mairie\/wp-json\/wp\/v2\/types\/post"}],"author":[{"embeddable":true,"href":"https:\/\/cellieu.fr\/press3\/mairie\/wp-json\/wp\/v2\/users\/5"}],"replies":[{"embeddable":true,"href":"https:\/\/cellieu.fr\/press3\/mairie\/wp-json\/wp\/v2\/comments?post=8984"}],"version-history":[{"count":9,"href":"https:\/\/cellieu.fr\/press3\/mairie\/wp-json\/wp\/v2\/posts\/8984\/revisions"}],"predecessor-version":[{"id":8999,"href":"https:\/\/cellieu.fr\/press3\/mairie\/wp-json\/wp\/v2\/posts\/8984\/revisions\/8999"}],"wp:attachment":[{"href":"https:\/\/cellieu.fr\/press3\/mairie\/wp-json\/wp\/v2\/media?parent=8984"}],"wp:term":[{"taxonomy":"category","embeddable":true,"href":"https:\/\/cellieu.fr\/press3\/mairie\/wp-json\/wp\/v2\/categories?post=8984"},{"taxonomy":"post_tag","embeddable":true,"href":"https:\/\/cellieu.fr\/press3\/mairie\/wp-json\/wp\/v2\/tags?post=8984"}],"curies":[{"name":"wp","href":"https:\/\/api.w.org\/{rel}","templated":true}]}}