{"id":1093,"date":"2017-10-30T21:59:25","date_gmt":"2017-10-30T20:59:25","guid":{"rendered":"http:\/\/cellieu.fr\/press3\/skcc\/?p=1093"},"modified":"2017-11-06T22:22:42","modified_gmt":"2017-11-06T21:22:42","slug":"assemblees-generales","status":"publish","type":"post","link":"https:\/\/cellieu.fr\/press3\/skcc\/2017\/10\/30\/assemblees-generales\/","title":{"rendered":"Assembl\u00e9es g\u00e9n\u00e9rales"},"content":{"rendered":"<h2><strong>Mercredi 15 novembre<\/strong>&nbsp; : assembl\u00e9e g\u00e9n\u00e9rale ordinaire, suivie de l&rsquo;assembl\u00e9e g\u00e9n\u00e9rale \u00e9lective \u00e0 19h15 au dojo !<\/h2>\n<p>Merci de votre pr\u00e9sence, en cas d&#8217;emp\u00eachement pensez \u00e0 donner votre pouvoir !!<\/p>\n<p>Pouvoir t\u00e9l\u00e9chargeable&nbsp; ici : <a href=\"http:\/\/cellieu.fr\/press3\/skcc\/2017\/10\/30\/assemblees-generales\/convocation-ag-2017\/\" rel=\"attachment wp-att-1095\"><strong>convocation AG 2017<\/strong><\/a><\/p>\n<p>bulletin de candidature t\u00e9l\u00e9chargeable ici : <a href=\"http:\/\/cellieu.fr\/press3\/skcc\/2017\/10\/30\/assemblees-generales\/candidature-au-bureau-du-skcc\/\" rel=\"attachment wp-att-1094\"><strong>candidature au bureau du SKCC<\/strong><\/a><\/p>\n<p>&nbsp;<\/p>\n<p>&nbsp;<\/p>\n","protected":false},"excerpt":{"rendered":"<p>Mercredi 15 novembre&nbsp; : assembl\u00e9e g\u00e9n\u00e9rale ordinaire, suivie de l&rsquo;assembl\u00e9e g\u00e9n\u00e9rale \u00e9lective \u00e0 19h15 au dojo ! Merci de votre pr\u00e9sence, en cas d&#8217;emp\u00eachement pensez \u00e0 donner votre pouvoir !! Pouvoir t\u00e9l\u00e9chargeable&nbsp; ici : convocation AG 2017 bulletin de candidature t\u00e9l\u00e9chargeable ici : candidature au bureau du SKCC &nbsp; &nbsp;<\/p>\n","protected":false},"author":4,"featured_media":0,"comment_status":"open","ping_status":"open","sticky":false,"template":"","format":"standard","meta":{"ngg_post_thumbnail":0,"jetpack_post_was_ever_published":false,"_jetpack_newsletter_access":"","_jetpack_dont_email_post_to_subs":false,"_jetpack_newsletter_tier_id":0,"_jetpack_memberships_contains_paywalled_content":false,"_jetpack_memberships_contains_paid_content":false,"footnotes":"","jetpack_publicize_message":"","jetpack_publicize_feature_enabled":true,"jetpack_social_post_already_shared":true,"jetpack_social_options":{"image_generator_settings":{"template":"highway","default_image_id":0,"font":"","enabled":false},"version":2}},"categories":[1],"tags":[],"class_list":["post-1093","post","type-post","status-publish","format-standard","hentry","category-non-classe"],"jetpack_publicize_connections":[],"jetpack_featured_media_url":"","jetpack_sharing_enabled":true,"jetpack_shortlink":"https:\/\/wp.me\/p51Dek-hD","_links":{"self":[{"href":"https:\/\/cellieu.fr\/press3\/skcc\/wp-json\/wp\/v2\/posts\/1093","targetHints":{"allow":["GET"]}}],"collection":[{"href":"https:\/\/cellieu.fr\/press3\/skcc\/wp-json\/wp\/v2\/posts"}],"about":[{"href":"https:\/\/cellieu.fr\/press3\/skcc\/wp-json\/wp\/v2\/types\/post"}],"author":[{"embeddable":true,"href":"https:\/\/cellieu.fr\/press3\/skcc\/wp-json\/wp\/v2\/users\/4"}],"replies":[{"embeddable":true,"href":"https:\/\/cellieu.fr\/press3\/skcc\/wp-json\/wp\/v2\/comments?post=1093"}],"version-history":[{"count":6,"href":"https:\/\/cellieu.fr\/press3\/skcc\/wp-json\/wp\/v2\/posts\/1093\/revisions"}],"predecessor-version":[{"id":1102,"href":"https:\/\/cellieu.fr\/press3\/skcc\/wp-json\/wp\/v2\/posts\/1093\/revisions\/1102"}],"wp:attachment":[{"href":"https:\/\/cellieu.fr\/press3\/skcc\/wp-json\/wp\/v2\/media?parent=1093"}],"wp:term":[{"taxonomy":"category","embeddable":true,"href":"https:\/\/cellieu.fr\/press3\/skcc\/wp-json\/wp\/v2\/categories?post=1093"},{"taxonomy":"post_tag","embeddable":true,"href":"https:\/\/cellieu.fr\/press3\/skcc\/wp-json\/wp\/v2\/tags?post=1093"}],"curies":[{"name":"wp","href":"https:\/\/api.w.org\/{rel}","templated":true}]}}