{"id":1113,"date":"2017-11-21T20:30:08","date_gmt":"2017-11-21T19:30:08","guid":{"rendered":"http:\/\/cellieu.fr\/press3\/skcc\/?p=1113"},"modified":"2017-11-21T20:36:38","modified_gmt":"2017-11-21T19:36:38","slug":"championnat-de-la-loire","status":"publish","type":"post","link":"https:\/\/cellieu.fr\/press3\/skcc\/2017\/11\/21\/championnat-de-la-loire\/","title":{"rendered":"Championnats de la Loire"},"content":{"rendered":"<p><strong><em>SAMEDI 25 et le&nbsp; DIMANCHE 26 NOVEMBRE 2017 <\/em><\/strong><strong><em>le Comit\u00e9 D\u00e9partemental de la Loire de Karat\u00e9 et le SKCC organisent le Championnat et la Coupe de la Loire KUMITE<\/em><\/strong>&nbsp;<\/p>\n<p><strong><em>&nbsp;<\/em><\/strong>Nous aurons besoin d\u2019aide pour:<\/p>\n<ul style=\"list-style-type: circle\">\n<li>Installer les tapis, tables, bancs\u2026 : <strong><em>SAMEDI 25 entre 8H \u00e0 9H30 <\/em><\/strong><em>(pas cours ce samedi).<\/em><\/li>\n<li>Aider \u00e0 ranger vaisselle et <strong>cuisine<\/strong> \u00e0 13H30.<\/li>\n<li>Aider \u00e0 <strong>tenir la buvette : <\/strong>inscrivez vous sur le planning&nbsp;<\/li>\n<li>&nbsp;Aider \u00e0 <strong>ranger la salle dimanche <\/strong>\u00e0 partir de 16H30<\/li>\n<\/ul>\n<p><a href=\"http:\/\/cellieu.fr\/press3\/skcc\/2017\/11\/21\/championnat-de-la-loire\/championnat-kumite-cellieu-25-11-17-bis-pdf-adobe-acrobat-reader-dc\/#main\" rel=\"attachment wp-att-1114\"><img loading=\"lazy\" decoding=\"async\" class=\" wp-image-1114 alignleft\" src=\"https:\/\/cellieu.fr\/press3\/skcc\/wp-content\/uploads\/sites\/3\/2017\/11\/CHAMPIONNAT-KUMITE-CELLIEU-25-11-17-bis.pdf-Adobe-Acrobat-Reader-DC.jpg\" alt=\"\" width=\"391\" height=\"540\" srcset=\"https:\/\/cellieu.fr\/press3\/skcc\/wp-content\/uploads\/sites\/3\/2017\/11\/CHAMPIONNAT-KUMITE-CELLIEU-25-11-17-bis.pdf-Adobe-Acrobat-Reader-DC.jpg 549w, https:\/\/cellieu.fr\/press3\/skcc\/wp-content\/uploads\/sites\/3\/2017\/11\/CHAMPIONNAT-KUMITE-CELLIEU-25-11-17-bis.pdf-Adobe-Acrobat-Reader-DC-217x300.jpg 217w, https:\/\/cellieu.fr\/press3\/skcc\/wp-content\/uploads\/sites\/3\/2017\/11\/CHAMPIONNAT-KUMITE-CELLIEU-25-11-17-bis.pdf-Adobe-Acrobat-Reader-DC-1x1.jpg 1w\" sizes=\"auto, (max-width: 391px) 100vw, 391px\" \/><\/a> <a href=\"http:\/\/cellieu.fr\/press3\/skcc\/2017\/11\/21\/championnat-de-la-loire\/coupe-kumite-po-pu-be-cellieu-26-11-17-pdf-adobe-acrobat-reader-dc\/#main\" rel=\"attachment wp-att-1115\"><img loading=\"lazy\" decoding=\"async\" class=\"wp-image-1115 alignleft\" src=\"https:\/\/cellieu.fr\/press3\/skcc\/wp-content\/uploads\/sites\/3\/2017\/11\/COUPE-KUMITE-PO-PU-BE-CELLIEU-26-11-17.pdf-Adobe-Acrobat-Reader-DC.jpg\" alt=\"\" width=\"397\" height=\"546\" srcset=\"https:\/\/cellieu.fr\/press3\/skcc\/wp-content\/uploads\/sites\/3\/2017\/11\/COUPE-KUMITE-PO-PU-BE-CELLIEU-26-11-17.pdf-Adobe-Acrobat-Reader-DC.jpg 549w, https:\/\/cellieu.fr\/press3\/skcc\/wp-content\/uploads\/sites\/3\/2017\/11\/COUPE-KUMITE-PO-PU-BE-CELLIEU-26-11-17.pdf-Adobe-Acrobat-Reader-DC-218x300.jpg 218w, https:\/\/cellieu.fr\/press3\/skcc\/wp-content\/uploads\/sites\/3\/2017\/11\/COUPE-KUMITE-PO-PU-BE-CELLIEU-26-11-17.pdf-Adobe-Acrobat-Reader-DC-1x1.jpg 1w\" sizes=\"auto, (max-width: 397px) 100vw, 397px\" \/><\/a><\/p>\n","protected":false},"excerpt":{"rendered":"<p>SAMEDI 25 et le&nbsp; DIMANCHE 26 NOVEMBRE 2017 le Comit\u00e9 D\u00e9partemental de la Loire de Karat\u00e9 et le SKCC organisent le Championnat et la Coupe de la Loire KUMITE&nbsp; &nbsp;Nous aurons besoin d\u2019aide pour: Installer les tapis, tables, bancs\u2026 : SAMEDI 25 entre 8H \u00e0 9H30 (pas cours ce samedi). Aider \u00e0 ranger vaisselle et [&hellip;]<\/p>\n","protected":false},"author":4,"featured_media":402,"comment_status":"open","ping_status":"open","sticky":false,"template":"","format":"standard","meta":{"ngg_post_thumbnail":0,"jetpack_post_was_ever_published":false,"_jetpack_newsletter_access":"","_jetpack_dont_email_post_to_subs":false,"_jetpack_newsletter_tier_id":0,"_jetpack_memberships_contains_paywalled_content":false,"_jetpack_memberships_contains_paid_content":false,"footnotes":"","jetpack_publicize_message":"","jetpack_publicize_feature_enabled":true,"jetpack_social_post_already_shared":true,"jetpack_social_options":{"image_generator_settings":{"template":"highway","default_image_id":0,"font":"","enabled":false},"version":2}},"categories":[1],"tags":[],"class_list":["post-1113","post","type-post","status-publish","format-standard","has-post-thumbnail","hentry","category-non-classe"],"jetpack_publicize_connections":[],"jetpack_featured_media_url":"https:\/\/cellieu.fr\/press3\/skcc\/wp-content\/uploads\/sites\/3\/2014\/09\/competition-karate-punch.jpg","jetpack_sharing_enabled":true,"jetpack_shortlink":"https:\/\/wp.me\/p51Dek-hX","_links":{"self":[{"href":"https:\/\/cellieu.fr\/press3\/skcc\/wp-json\/wp\/v2\/posts\/1113","targetHints":{"allow":["GET"]}}],"collection":[{"href":"https:\/\/cellieu.fr\/press3\/skcc\/wp-json\/wp\/v2\/posts"}],"about":[{"href":"https:\/\/cellieu.fr\/press3\/skcc\/wp-json\/wp\/v2\/types\/post"}],"author":[{"embeddable":true,"href":"https:\/\/cellieu.fr\/press3\/skcc\/wp-json\/wp\/v2\/users\/4"}],"replies":[{"embeddable":true,"href":"https:\/\/cellieu.fr\/press3\/skcc\/wp-json\/wp\/v2\/comments?post=1113"}],"version-history":[{"count":5,"href":"https:\/\/cellieu.fr\/press3\/skcc\/wp-json\/wp\/v2\/posts\/1113\/revisions"}],"predecessor-version":[{"id":1120,"href":"https:\/\/cellieu.fr\/press3\/skcc\/wp-json\/wp\/v2\/posts\/1113\/revisions\/1120"}],"wp:featuredmedia":[{"embeddable":true,"href":"https:\/\/cellieu.fr\/press3\/skcc\/wp-json\/wp\/v2\/media\/402"}],"wp:attachment":[{"href":"https:\/\/cellieu.fr\/press3\/skcc\/wp-json\/wp\/v2\/media?parent=1113"}],"wp:term":[{"taxonomy":"category","embeddable":true,"href":"https:\/\/cellieu.fr\/press3\/skcc\/wp-json\/wp\/v2\/categories?post=1113"},{"taxonomy":"post_tag","embeddable":true,"href":"https:\/\/cellieu.fr\/press3\/skcc\/wp-json\/wp\/v2\/tags?post=1113"}],"curies":[{"name":"wp","href":"https:\/\/api.w.org\/{rel}","templated":true}]}}