{"id":1169,"date":"2018-04-11T06:28:18","date_gmt":"2018-04-11T05:28:18","guid":{"rendered":"http:\/\/cellieu.fr\/press3\/skcc\/?p=1169"},"modified":"2018-04-11T06:33:04","modified_gmt":"2018-04-11T05:33:04","slug":"planning-des-vacances","status":"publish","type":"post","link":"https:\/\/cellieu.fr\/press3\/skcc\/2018\/04\/11\/planning-des-vacances\/","title":{"rendered":"planning des vacances"},"content":{"rendered":"<p>Pas cours de karat\u00e9 traditionnel pendant les vacances<\/p>\n<p>Pas cours comp\u00e9titeur la premi\u00e8re semaine. Cours le lundi 16 et jeudi 19 avec Abb\u00e8s \u00e0 18h.<\/p>\n<p>Pas cours de Body karat\u00e9 la premi\u00e8re semaine, cours assur\u00e9 la 2\u00e8me semaine.<\/p>\n<p>Pas cours avec Fabrice Francia le vendredi 13 et samedi 14. Les autres jours sont maintenus<\/p>\n<p>&nbsp;<\/p>\n","protected":false},"excerpt":{"rendered":"<p>Pas cours de karat\u00e9 traditionnel pendant les vacances Pas cours comp\u00e9titeur la premi\u00e8re semaine. Cours le lundi 16 et jeudi 19 avec Abb\u00e8s \u00e0 18h. Pas cours de Body karat\u00e9 la premi\u00e8re semaine, cours assur\u00e9 la 2\u00e8me semaine. Pas cours avec Fabrice Francia le vendredi 13 et samedi 14. Les autres jours sont maintenus &nbsp;<\/p>\n","protected":false},"author":4,"featured_media":0,"comment_status":"open","ping_status":"open","sticky":false,"template":"","format":"standard","meta":{"ngg_post_thumbnail":0,"jetpack_post_was_ever_published":false,"_jetpack_newsletter_access":"","_jetpack_dont_email_post_to_subs":false,"_jetpack_newsletter_tier_id":0,"_jetpack_memberships_contains_paywalled_content":false,"_jetpack_memberships_contains_paid_content":false,"footnotes":"","jetpack_publicize_message":"","jetpack_publicize_feature_enabled":true,"jetpack_social_post_already_shared":true,"jetpack_social_options":{"image_generator_settings":{"template":"highway","default_image_id":0,"font":"","enabled":false},"version":2}},"categories":[1],"tags":[],"class_list":["post-1169","post","type-post","status-publish","format-standard","hentry","category-non-classe"],"jetpack_publicize_connections":[],"jetpack_featured_media_url":"","jetpack_sharing_enabled":true,"jetpack_shortlink":"https:\/\/wp.me\/p51Dek-iR","_links":{"self":[{"href":"https:\/\/cellieu.fr\/press3\/skcc\/wp-json\/wp\/v2\/posts\/1169","targetHints":{"allow":["GET"]}}],"collection":[{"href":"https:\/\/cellieu.fr\/press3\/skcc\/wp-json\/wp\/v2\/posts"}],"about":[{"href":"https:\/\/cellieu.fr\/press3\/skcc\/wp-json\/wp\/v2\/types\/post"}],"author":[{"embeddable":true,"href":"https:\/\/cellieu.fr\/press3\/skcc\/wp-json\/wp\/v2\/users\/4"}],"replies":[{"embeddable":true,"href":"https:\/\/cellieu.fr\/press3\/skcc\/wp-json\/wp\/v2\/comments?post=1169"}],"version-history":[{"count":3,"href":"https:\/\/cellieu.fr\/press3\/skcc\/wp-json\/wp\/v2\/posts\/1169\/revisions"}],"predecessor-version":[{"id":1172,"href":"https:\/\/cellieu.fr\/press3\/skcc\/wp-json\/wp\/v2\/posts\/1169\/revisions\/1172"}],"wp:attachment":[{"href":"https:\/\/cellieu.fr\/press3\/skcc\/wp-json\/wp\/v2\/media?parent=1169"}],"wp:term":[{"taxonomy":"category","embeddable":true,"href":"https:\/\/cellieu.fr\/press3\/skcc\/wp-json\/wp\/v2\/categories?post=1169"},{"taxonomy":"post_tag","embeddable":true,"href":"https:\/\/cellieu.fr\/press3\/skcc\/wp-json\/wp\/v2\/tags?post=1169"}],"curies":[{"name":"wp","href":"https:\/\/api.w.org\/{rel}","templated":true}]}}