{"id":1372,"date":"2020-06-26T06:27:33","date_gmt":"2020-06-26T05:27:33","guid":{"rendered":"https:\/\/cellieu.fr\/press3\/skcc\/?p=1372"},"modified":"2020-06-26T06:27:33","modified_gmt":"2020-06-26T05:27:33","slug":"bonus-fin-de-saison","status":"publish","type":"post","link":"https:\/\/cellieu.fr\/press3\/skcc\/2020\/06\/26\/bonus-fin-de-saison\/","title":{"rendered":"Bonus fin de saison"},"content":{"rendered":"<p>Afin de bien terminer cette saison il y aura cours :&nbsp;<\/p>\n<p><span style=\"font-size: 14px\">lundi 29\/06 cours karate adulte \u00e0 19h30<\/span><\/p>\n<p><span style=\"font-size: 14px\">mercredi 1\/07 cours body karat\u00e9 18h30 et 19h30<\/span><\/p>\n<p>Bonne journ\u00e9e \u00e0 tous&nbsp;<\/p>\n","protected":false},"excerpt":{"rendered":"<p>Afin de bien terminer cette saison il y aura cours :&nbsp; lundi 29\/06 cours karate adulte \u00e0 19h30 mercredi 1\/07 cours body karat\u00e9 18h30 et 19h30 Bonne journ\u00e9e \u00e0 tous&nbsp;<\/p>\n","protected":false},"author":4,"featured_media":0,"comment_status":"open","ping_status":"open","sticky":false,"template":"","format":"standard","meta":{"ngg_post_thumbnail":0,"jetpack_post_was_ever_published":false,"_jetpack_newsletter_access":"","_jetpack_dont_email_post_to_subs":false,"_jetpack_newsletter_tier_id":0,"_jetpack_memberships_contains_paywalled_content":false,"_jetpack_memberships_contains_paid_content":false,"footnotes":"","jetpack_publicize_message":"","jetpack_publicize_feature_enabled":true,"jetpack_social_post_already_shared":true,"jetpack_social_options":{"image_generator_settings":{"template":"highway","default_image_id":0,"font":"","enabled":false},"version":2}},"categories":[1],"tags":[],"class_list":["post-1372","post","type-post","status-publish","format-standard","hentry","category-non-classe"],"jetpack_publicize_connections":[],"jetpack_featured_media_url":"","jetpack_sharing_enabled":true,"jetpack_shortlink":"https:\/\/wp.me\/p51Dek-m8","_links":{"self":[{"href":"https:\/\/cellieu.fr\/press3\/skcc\/wp-json\/wp\/v2\/posts\/1372","targetHints":{"allow":["GET"]}}],"collection":[{"href":"https:\/\/cellieu.fr\/press3\/skcc\/wp-json\/wp\/v2\/posts"}],"about":[{"href":"https:\/\/cellieu.fr\/press3\/skcc\/wp-json\/wp\/v2\/types\/post"}],"author":[{"embeddable":true,"href":"https:\/\/cellieu.fr\/press3\/skcc\/wp-json\/wp\/v2\/users\/4"}],"replies":[{"embeddable":true,"href":"https:\/\/cellieu.fr\/press3\/skcc\/wp-json\/wp\/v2\/comments?post=1372"}],"version-history":[{"count":1,"href":"https:\/\/cellieu.fr\/press3\/skcc\/wp-json\/wp\/v2\/posts\/1372\/revisions"}],"predecessor-version":[{"id":1373,"href":"https:\/\/cellieu.fr\/press3\/skcc\/wp-json\/wp\/v2\/posts\/1372\/revisions\/1373"}],"wp:attachment":[{"href":"https:\/\/cellieu.fr\/press3\/skcc\/wp-json\/wp\/v2\/media?parent=1372"}],"wp:term":[{"taxonomy":"category","embeddable":true,"href":"https:\/\/cellieu.fr\/press3\/skcc\/wp-json\/wp\/v2\/categories?post=1372"},{"taxonomy":"post_tag","embeddable":true,"href":"https:\/\/cellieu.fr\/press3\/skcc\/wp-json\/wp\/v2\/tags?post=1372"}],"curies":[{"name":"wp","href":"https:\/\/api.w.org\/{rel}","templated":true}]}}