{"id":1380,"date":"2020-07-18T16:25:35","date_gmt":"2020-07-18T15:25:35","guid":{"rendered":"https:\/\/cellieu.fr\/press3\/skcc\/?p=1380"},"modified":"2020-07-18T16:26:45","modified_gmt":"2020-07-18T15:26:45","slug":"saison-2020-2021","status":"publish","type":"post","link":"https:\/\/cellieu.fr\/press3\/skcc\/2020\/07\/18\/saison-2020-2021\/","title":{"rendered":"Saison 2020 2021"},"content":{"rendered":"<p>Apr\u00e8s une saison 2019 &#8211; 2020 un peu sp\u00e9ciale, <strong>le SKCC organise sa reprise.<\/strong><\/p>\n<p><span style=\"color: #ff0000\"><strong>Nouveaut\u00e9 : 2\u00e8me cours de Body karat\u00e9 les vendredis !<\/strong> <\/span><\/p>\n<p>Retrouvez tous les horaires de cours \u00e0 l&rsquo;onglet \u00ab\u00a0cours\u00a0\u00bb !<\/p>\n<p>En attendant profitez des vacances !<\/p>\n<blockquote class=\"wp-embedded-content\" data-secret=\"FGnNrvO81l\"><p><a href=\"https:\/\/cellieu.fr\/press3\/skcc\/enseignement\/cours\/\">COURS<\/a><\/p><\/blockquote>\n<p><iframe loading=\"lazy\" class=\"wp-embedded-content\" sandbox=\"allow-scripts\" security=\"restricted\" style=\"position: absolute; clip: rect(1px, 1px, 1px, 1px);\" title=\"\u00ab\u00a0COURS\u00a0\u00bb &#8212; SEIGYO KARATE CLUB DE CELLIEU\" src=\"https:\/\/cellieu.fr\/press3\/skcc\/enseignement\/cours\/embed\/#?secret=dajodFF4Rx#?secret=FGnNrvO81l\" data-secret=\"FGnNrvO81l\" width=\"600\" height=\"338\" frameborder=\"0\" marginwidth=\"0\" marginheight=\"0\" scrolling=\"no\"><\/iframe><\/p>\n<p>&nbsp;<\/p>\n","protected":false},"excerpt":{"rendered":"<p>Apr\u00e8s une saison 2019 &#8211; 2020 un peu sp\u00e9ciale, le SKCC organise sa reprise. Nouveaut\u00e9 : 2\u00e8me cours de Body karat\u00e9 les vendredis ! Retrouvez tous les horaires de cours \u00e0 l&rsquo;onglet \u00ab\u00a0cours\u00a0\u00bb ! En attendant profitez des vacances ! COURS &nbsp;<\/p>\n","protected":false},"author":4,"featured_media":0,"comment_status":"open","ping_status":"open","sticky":false,"template":"","format":"standard","meta":{"ngg_post_thumbnail":0,"jetpack_post_was_ever_published":false,"_jetpack_newsletter_access":"","_jetpack_dont_email_post_to_subs":false,"_jetpack_newsletter_tier_id":0,"_jetpack_memberships_contains_paywalled_content":false,"_jetpack_memberships_contains_paid_content":false,"footnotes":"","jetpack_publicize_message":"","jetpack_publicize_feature_enabled":true,"jetpack_social_post_already_shared":true,"jetpack_social_options":{"image_generator_settings":{"template":"highway","default_image_id":0,"font":"","enabled":false},"version":2}},"categories":[1],"tags":[],"class_list":["post-1380","post","type-post","status-publish","format-standard","hentry","category-non-classe"],"jetpack_publicize_connections":[],"jetpack_featured_media_url":"","jetpack_sharing_enabled":true,"jetpack_shortlink":"https:\/\/wp.me\/p51Dek-mg","_links":{"self":[{"href":"https:\/\/cellieu.fr\/press3\/skcc\/wp-json\/wp\/v2\/posts\/1380","targetHints":{"allow":["GET"]}}],"collection":[{"href":"https:\/\/cellieu.fr\/press3\/skcc\/wp-json\/wp\/v2\/posts"}],"about":[{"href":"https:\/\/cellieu.fr\/press3\/skcc\/wp-json\/wp\/v2\/types\/post"}],"author":[{"embeddable":true,"href":"https:\/\/cellieu.fr\/press3\/skcc\/wp-json\/wp\/v2\/users\/4"}],"replies":[{"embeddable":true,"href":"https:\/\/cellieu.fr\/press3\/skcc\/wp-json\/wp\/v2\/comments?post=1380"}],"version-history":[{"count":4,"href":"https:\/\/cellieu.fr\/press3\/skcc\/wp-json\/wp\/v2\/posts\/1380\/revisions"}],"predecessor-version":[{"id":1384,"href":"https:\/\/cellieu.fr\/press3\/skcc\/wp-json\/wp\/v2\/posts\/1380\/revisions\/1384"}],"wp:attachment":[{"href":"https:\/\/cellieu.fr\/press3\/skcc\/wp-json\/wp\/v2\/media?parent=1380"}],"wp:term":[{"taxonomy":"category","embeddable":true,"href":"https:\/\/cellieu.fr\/press3\/skcc\/wp-json\/wp\/v2\/categories?post=1380"},{"taxonomy":"post_tag","embeddable":true,"href":"https:\/\/cellieu.fr\/press3\/skcc\/wp-json\/wp\/v2\/tags?post=1380"}],"curies":[{"name":"wp","href":"https:\/\/api.w.org\/{rel}","templated":true}]}}