{"id":1412,"date":"2020-09-25T15:22:22","date_gmt":"2020-09-25T14:22:22","guid":{"rendered":"https:\/\/cellieu.fr\/press3\/skcc\/?p=1412"},"modified":"2020-09-25T15:22:22","modified_gmt":"2020-09-25T14:22:22","slug":"covid-19-infos-importantes","status":"publish","type":"post","link":"https:\/\/cellieu.fr\/press3\/skcc\/2020\/09\/25\/covid-19-infos-importantes\/","title":{"rendered":"Covid-19 : infos importantes"},"content":{"rendered":"<p>Suite aux nouvelles directives tous les cours du SKCC sont annul\u00e9s \u00e0 compt\u00e9 du samedi 26\/09.<\/p>\n<p>Les cours (body et contact) de ce soir sont maintenus<\/p>\n<p>En esp\u00e9rant que cet \u00e9pisode soit le plus court possible!&nbsp;<\/p>\n<p>Restons vigilant<\/p>\n","protected":false},"excerpt":{"rendered":"<p>Suite aux nouvelles directives tous les cours du SKCC sont annul\u00e9s \u00e0 compt\u00e9 du samedi 26\/09. Les cours (body et contact) de ce soir sont maintenus En esp\u00e9rant que cet \u00e9pisode soit le plus court possible!&nbsp; Restons vigilant<\/p>\n","protected":false},"author":4,"featured_media":0,"comment_status":"open","ping_status":"open","sticky":false,"template":"","format":"standard","meta":{"ngg_post_thumbnail":0,"jetpack_post_was_ever_published":false,"_jetpack_newsletter_access":"","_jetpack_dont_email_post_to_subs":false,"_jetpack_newsletter_tier_id":0,"_jetpack_memberships_contains_paywalled_content":false,"_jetpack_memberships_contains_paid_content":false,"footnotes":"","jetpack_publicize_message":"","jetpack_publicize_feature_enabled":true,"jetpack_social_post_already_shared":true,"jetpack_social_options":{"image_generator_settings":{"template":"highway","default_image_id":0,"font":"","enabled":false},"version":2}},"categories":[1],"tags":[],"class_list":["post-1412","post","type-post","status-publish","format-standard","hentry","category-non-classe"],"jetpack_publicize_connections":[],"jetpack_featured_media_url":"","jetpack_sharing_enabled":true,"jetpack_shortlink":"https:\/\/wp.me\/p51Dek-mM","_links":{"self":[{"href":"https:\/\/cellieu.fr\/press3\/skcc\/wp-json\/wp\/v2\/posts\/1412","targetHints":{"allow":["GET"]}}],"collection":[{"href":"https:\/\/cellieu.fr\/press3\/skcc\/wp-json\/wp\/v2\/posts"}],"about":[{"href":"https:\/\/cellieu.fr\/press3\/skcc\/wp-json\/wp\/v2\/types\/post"}],"author":[{"embeddable":true,"href":"https:\/\/cellieu.fr\/press3\/skcc\/wp-json\/wp\/v2\/users\/4"}],"replies":[{"embeddable":true,"href":"https:\/\/cellieu.fr\/press3\/skcc\/wp-json\/wp\/v2\/comments?post=1412"}],"version-history":[{"count":1,"href":"https:\/\/cellieu.fr\/press3\/skcc\/wp-json\/wp\/v2\/posts\/1412\/revisions"}],"predecessor-version":[{"id":1413,"href":"https:\/\/cellieu.fr\/press3\/skcc\/wp-json\/wp\/v2\/posts\/1412\/revisions\/1413"}],"wp:attachment":[{"href":"https:\/\/cellieu.fr\/press3\/skcc\/wp-json\/wp\/v2\/media?parent=1412"}],"wp:term":[{"taxonomy":"category","embeddable":true,"href":"https:\/\/cellieu.fr\/press3\/skcc\/wp-json\/wp\/v2\/categories?post=1412"},{"taxonomy":"post_tag","embeddable":true,"href":"https:\/\/cellieu.fr\/press3\/skcc\/wp-json\/wp\/v2\/tags?post=1412"}],"curies":[{"name":"wp","href":"https:\/\/api.w.org\/{rel}","templated":true}]}}