{"id":1439,"date":"2021-01-10T19:55:58","date_gmt":"2021-01-10T18:55:58","guid":{"rendered":"https:\/\/cellieu.fr\/press3\/skcc\/?p=1439"},"modified":"2021-01-10T19:55:58","modified_gmt":"2021-01-10T18:55:58","slug":"informations-cours-4","status":"publish","type":"post","link":"https:\/\/cellieu.fr\/press3\/skcc\/2021\/01\/10\/informations-cours-4\/","title":{"rendered":"Informations cours"},"content":{"rendered":"<p style=\"text-align: left\"><span style=\"font-size: 14px\">Bonjours les karat\u00e9kas,&nbsp;<\/span><\/p>\n<p>En attendant de pouvoir retrouver notre dojo nous vous transmettons une invitation du club DOJO DE VILLARS.<\/p>\n<p>Voyant que nous n&rsquo;avons pas la possibilit\u00e9 de nous entra\u00eener, leur pr\u00e9sident a d\u00e9cid\u00e9 de vous inviter \u00e0 venir vous entra\u00eenez avec eux \u00e0 Villars :<br \/>\n\u00ab\u00a0Tous les moins de 18 ans s&rsquo;entra\u00eenent dans le dojo et les adultes en ext\u00e9rieur.<br \/>\nCela nous ferais vraiment plaisir que vous acceptiez notre invitation.<br \/>\nCi joint le planning hebdomadaire ainsi que le lien Doodle que vous pouvez transmettre \u00e0 vos adh\u00e9rents pour s&rsquo;inscrire\u00a0\u00bb<br \/>\nNabil.<\/p>\n<p>Lien pour l&rsquo;inscription :<\/p>\n<p>https:\/\/doodle.com\/poll\/9ea7297k4kpqnz3u?utm_source=poll&#038;utm_medium=link<\/p>\n<p>&nbsp;<\/p>\n<p><a href=\"https:\/\/cellieu.fr\/press3\/skcc\/2021\/01\/10\/informations-cours-4\/effe6cce-959b-478c-8480-65648c4c8f8c\/#main\" rel=\"attachment wp-att-1440\"><img loading=\"lazy\" decoding=\"async\" class=\"aligncenter size-full wp-image-1440\" src=\"https:\/\/cellieu.fr\/press3\/skcc\/wp-content\/uploads\/sites\/3\/2021\/01\/EFFE6CCE-959B-478C-8480-65648C4C8F8C.jpeg\" alt=\"\" width=\"788\" height=\"512\" srcset=\"https:\/\/cellieu.fr\/press3\/skcc\/wp-content\/uploads\/sites\/3\/2021\/01\/EFFE6CCE-959B-478C-8480-65648C4C8F8C.jpeg 788w, https:\/\/cellieu.fr\/press3\/skcc\/wp-content\/uploads\/sites\/3\/2021\/01\/EFFE6CCE-959B-478C-8480-65648C4C8F8C-300x195.jpeg 300w, https:\/\/cellieu.fr\/press3\/skcc\/wp-content\/uploads\/sites\/3\/2021\/01\/EFFE6CCE-959B-478C-8480-65648C4C8F8C-768x499.jpeg 768w, https:\/\/cellieu.fr\/press3\/skcc\/wp-content\/uploads\/sites\/3\/2021\/01\/EFFE6CCE-959B-478C-8480-65648C4C8F8C-2x1.jpeg 2w\" sizes=\"auto, (max-width: 788px) 100vw, 788px\" \/><\/a><\/p>\n","protected":false},"excerpt":{"rendered":"<p>Bonjours les karat\u00e9kas,&nbsp; En attendant de pouvoir retrouver notre dojo nous vous transmettons une invitation du club DOJO DE VILLARS. Voyant que nous n&rsquo;avons pas la possibilit\u00e9 de nous entra\u00eener, leur pr\u00e9sident a d\u00e9cid\u00e9 de vous inviter \u00e0 venir vous entra\u00eenez avec eux \u00e0 Villars : \u00ab\u00a0Tous les moins de 18 ans s&rsquo;entra\u00eenent dans le [&hellip;]<\/p>\n","protected":false},"author":4,"featured_media":0,"comment_status":"open","ping_status":"open","sticky":false,"template":"","format":"standard","meta":{"ngg_post_thumbnail":0,"jetpack_post_was_ever_published":false,"_jetpack_newsletter_access":"","_jetpack_dont_email_post_to_subs":false,"_jetpack_newsletter_tier_id":0,"_jetpack_memberships_contains_paywalled_content":false,"_jetpack_memberships_contains_paid_content":false,"footnotes":"","jetpack_publicize_message":"","jetpack_publicize_feature_enabled":true,"jetpack_social_post_already_shared":true,"jetpack_social_options":{"image_generator_settings":{"template":"highway","default_image_id":0,"font":"","enabled":false},"version":2}},"categories":[1],"tags":[],"class_list":["post-1439","post","type-post","status-publish","format-standard","hentry","category-non-classe"],"jetpack_publicize_connections":[],"jetpack_featured_media_url":"","jetpack_sharing_enabled":true,"jetpack_shortlink":"https:\/\/wp.me\/p51Dek-nd","_links":{"self":[{"href":"https:\/\/cellieu.fr\/press3\/skcc\/wp-json\/wp\/v2\/posts\/1439","targetHints":{"allow":["GET"]}}],"collection":[{"href":"https:\/\/cellieu.fr\/press3\/skcc\/wp-json\/wp\/v2\/posts"}],"about":[{"href":"https:\/\/cellieu.fr\/press3\/skcc\/wp-json\/wp\/v2\/types\/post"}],"author":[{"embeddable":true,"href":"https:\/\/cellieu.fr\/press3\/skcc\/wp-json\/wp\/v2\/users\/4"}],"replies":[{"embeddable":true,"href":"https:\/\/cellieu.fr\/press3\/skcc\/wp-json\/wp\/v2\/comments?post=1439"}],"version-history":[{"count":2,"href":"https:\/\/cellieu.fr\/press3\/skcc\/wp-json\/wp\/v2\/posts\/1439\/revisions"}],"predecessor-version":[{"id":1442,"href":"https:\/\/cellieu.fr\/press3\/skcc\/wp-json\/wp\/v2\/posts\/1439\/revisions\/1442"}],"wp:attachment":[{"href":"https:\/\/cellieu.fr\/press3\/skcc\/wp-json\/wp\/v2\/media?parent=1439"}],"wp:term":[{"taxonomy":"category","embeddable":true,"href":"https:\/\/cellieu.fr\/press3\/skcc\/wp-json\/wp\/v2\/categories?post=1439"},{"taxonomy":"post_tag","embeddable":true,"href":"https:\/\/cellieu.fr\/press3\/skcc\/wp-json\/wp\/v2\/tags?post=1439"}],"curies":[{"name":"wp","href":"https:\/\/api.w.org\/{rel}","templated":true}]}}