{"id":1454,"date":"2021-05-25T21:07:45","date_gmt":"2021-05-25T20:07:45","guid":{"rendered":"https:\/\/cellieu.fr\/press3\/skcc\/?p=1454"},"modified":"2021-05-25T21:07:45","modified_gmt":"2021-05-25T20:07:45","slug":"stage-body-karate-en-visio","status":"publish","type":"post","link":"https:\/\/cellieu.fr\/press3\/skcc\/2021\/05\/25\/stage-body-karate-en-visio\/","title":{"rendered":"Stage body karat\u00e9 en Visio"},"content":{"rendered":"<p><a href=\"https:\/\/cellieu.fr\/press3\/skcc\/2021\/05\/25\/stage-body-karate-en-visio\/ad78d09e-4567-4551-95f4-c5a857c9499b\/#main\" rel=\"attachment wp-att-1455\"><img loading=\"lazy\" decoding=\"async\" class=\"aligncenter size-large wp-image-1455\" src=\"https:\/\/cellieu.fr\/press3\/skcc\/wp-content\/uploads\/sites\/3\/2021\/05\/AD78D09E-4567-4551-95F4-C5A857C9499B-724x1024.jpeg\" alt=\"\" width=\"654\" height=\"925\" srcset=\"https:\/\/cellieu.fr\/press3\/skcc\/wp-content\/uploads\/sites\/3\/2021\/05\/AD78D09E-4567-4551-95F4-C5A857C9499B-724x1024.jpeg 724w, https:\/\/cellieu.fr\/press3\/skcc\/wp-content\/uploads\/sites\/3\/2021\/05\/AD78D09E-4567-4551-95F4-C5A857C9499B-212x300.jpeg 212w, https:\/\/cellieu.fr\/press3\/skcc\/wp-content\/uploads\/sites\/3\/2021\/05\/AD78D09E-4567-4551-95F4-C5A857C9499B-768x1086.jpeg 768w, https:\/\/cellieu.fr\/press3\/skcc\/wp-content\/uploads\/sites\/3\/2021\/05\/AD78D09E-4567-4551-95F4-C5A857C9499B-1086x1536.jpeg 1086w, https:\/\/cellieu.fr\/press3\/skcc\/wp-content\/uploads\/sites\/3\/2021\/05\/AD78D09E-4567-4551-95F4-C5A857C9499B-1x1.jpeg 1w, https:\/\/cellieu.fr\/press3\/skcc\/wp-content\/uploads\/sites\/3\/2021\/05\/AD78D09E-4567-4551-95F4-C5A857C9499B.jpeg 1448w\" sizes=\"auto, (max-width: 654px) 100vw, 654px\" \/><\/a>&#x2139;&#xfe0f;Entra\u00eenement r\u00e9gional de Body Karat\u00e9 avec Laurie Soubeyrand le samedi 29 mai 2021 de 10h00 \u00e0 11h30, en visio!&nbsp;<\/p>\n<p>inscription gratuite sur le lien avant le 28\/05, elle vous permettra de recevoir une invitation Zoom pour suivre le stage en Visio&nbsp;<\/p>\n<p>&nbsp;<\/p>\n","protected":false},"excerpt":{"rendered":"<p>&#x2139;&#xfe0f;Entra\u00eenement r\u00e9gional de Body Karat\u00e9 avec Laurie Soubeyrand le samedi 29 mai 2021 de 10h00 \u00e0 11h30, en visio!&nbsp; inscription gratuite sur le lien avant le 28\/05, elle vous permettra de recevoir une invitation Zoom pour suivre le stage en Visio&nbsp; &nbsp;<\/p>\n","protected":false},"author":4,"featured_media":0,"comment_status":"open","ping_status":"open","sticky":false,"template":"","format":"standard","meta":{"ngg_post_thumbnail":0,"jetpack_post_was_ever_published":false,"_jetpack_newsletter_access":"","_jetpack_dont_email_post_to_subs":false,"_jetpack_newsletter_tier_id":0,"_jetpack_memberships_contains_paywalled_content":false,"_jetpack_memberships_contains_paid_content":false,"footnotes":"","jetpack_publicize_message":"","jetpack_publicize_feature_enabled":true,"jetpack_social_post_already_shared":true,"jetpack_social_options":{"image_generator_settings":{"template":"highway","default_image_id":0,"font":"","enabled":false},"version":2}},"categories":[1],"tags":[],"class_list":["post-1454","post","type-post","status-publish","format-standard","hentry","category-non-classe"],"jetpack_publicize_connections":[],"jetpack_featured_media_url":"","jetpack_sharing_enabled":true,"jetpack_shortlink":"https:\/\/wp.me\/p51Dek-ns","_links":{"self":[{"href":"https:\/\/cellieu.fr\/press3\/skcc\/wp-json\/wp\/v2\/posts\/1454","targetHints":{"allow":["GET"]}}],"collection":[{"href":"https:\/\/cellieu.fr\/press3\/skcc\/wp-json\/wp\/v2\/posts"}],"about":[{"href":"https:\/\/cellieu.fr\/press3\/skcc\/wp-json\/wp\/v2\/types\/post"}],"author":[{"embeddable":true,"href":"https:\/\/cellieu.fr\/press3\/skcc\/wp-json\/wp\/v2\/users\/4"}],"replies":[{"embeddable":true,"href":"https:\/\/cellieu.fr\/press3\/skcc\/wp-json\/wp\/v2\/comments?post=1454"}],"version-history":[{"count":2,"href":"https:\/\/cellieu.fr\/press3\/skcc\/wp-json\/wp\/v2\/posts\/1454\/revisions"}],"predecessor-version":[{"id":1457,"href":"https:\/\/cellieu.fr\/press3\/skcc\/wp-json\/wp\/v2\/posts\/1454\/revisions\/1457"}],"wp:attachment":[{"href":"https:\/\/cellieu.fr\/press3\/skcc\/wp-json\/wp\/v2\/media?parent=1454"}],"wp:term":[{"taxonomy":"category","embeddable":true,"href":"https:\/\/cellieu.fr\/press3\/skcc\/wp-json\/wp\/v2\/categories?post=1454"},{"taxonomy":"post_tag","embeddable":true,"href":"https:\/\/cellieu.fr\/press3\/skcc\/wp-json\/wp\/v2\/tags?post=1454"}],"curies":[{"name":"wp","href":"https:\/\/api.w.org\/{rel}","templated":true}]}}