{"id":1460,"date":"2021-06-04T20:16:22","date_gmt":"2021-06-04T19:16:22","guid":{"rendered":"https:\/\/cellieu.fr\/press3\/skcc\/?p=1460"},"modified":"2021-06-04T20:16:22","modified_gmt":"2021-06-04T19:16:22","slug":"informations-cours-et-reprise","status":"publish","type":"post","link":"https:\/\/cellieu.fr\/press3\/skcc\/2021\/06\/04\/informations-cours-et-reprise\/","title":{"rendered":"Informations cours et reprise"},"content":{"rendered":"<p>Chers adh\u00e9rents, suite \u00e0 la r\u00e9union du bureau du skcc ce lundi 31 mai nous avons le plaisir de vous annoncer les reprises suivantes:<br \/>\n1) karat\u00e9 traditionnel enfants et ados depuis le lundi 31 mai \u00e0 17h30 et 18h30<br \/>\n2) body karat\u00e9 mercredi 2 juin reprise en ext\u00e9rieur \u00e0 18h30 et 19h30 mais annulation du cours du vendredi .A noter, des cours probables, si accord de la mairie en ext\u00e9rieur, les lundi et mercredi de juillet \u00e0 La Terrasse et \u00e0 Cellieu<br \/>\n3) Tai Chi :<br \/>\nReprise le mercredi 9 juin \u00e0 10h mais cours du jeudi supprim\u00e9 en attendant l&rsquo;ouverture probable de ce cours un mercredi matin ou un samedi au dojo<br \/>\n4) Karat\u00e9 adultes<br \/>\nReprise le jeudi 10 juin avec Abb\u00e8s 19h30, le samedi 12 juin 10h30 avec Fabrice et le lundi 19h30 14 juin avec Martine et Henri<br \/>\n5) Karat\u00e9 comp\u00e9tition<br \/>\nReprise le jeudi 10 juin \u00e0 18h<br \/>\n6) Karat\u00e9 Contact<br \/>\nReprise le mercredi 9 juin \u00e0 19h30 selon la m\u00e9t\u00e9o mais pas le vendredi<br \/>\n7) Karat\u00e9 Sant\u00e9<br \/>\nReprise \u00e0 partir du samedi 12 juin 9h<br \/>\nCet all\u00e9chant programme de fin d&rsquo;ann\u00e9e sous r\u00e9serve des derni\u00e8res d\u00e9cisions que la pr\u00e9f\u00e8te devrait prendre le 8 juin<br \/>\n8) Pour vous remercier de votre confiance le bureau a d\u00e9cid\u00e9 de ne pas tenir compte des quelques cours assur\u00e9s en septembre octobre et juin ni de ceux anim\u00e9s en visio par Laurie et de vous offrir le remboursement int\u00e9gral (sauf le montant de la licence que la F\u00e9d\u00e9ration Fran\u00e7aise de Karat\u00e9 a encaiss\u00e9 ) de votre adh\u00e9sion. \u00c0 partir du lundi 14 juin vous pourrez venir r\u00e9cup\u00e9rer aux heures de cours ci-dessus le ch\u00e8que correspondant.<br \/>\nAfin de prendre en compte les perturbations provoqu\u00e9es par la pand\u00e9mie et mieux s&rsquo;y adapter nous avons d\u00e9cid\u00e9 que les adh\u00e9sions se r\u00e9gleraient avec trois ch\u00e8ques encaiss\u00e9s en septembre, janvier et avril sauf pour les ch\u00e8ques-vacances encaiss\u00e9s en totalit\u00e9 en septembre en raison des frais suppl\u00e9mentaires que nous devons prendre en charge.<br \/>\nPar ailleurs la mairie vous informe que si vous \u00eates int\u00e9ress\u00e9 pour participer \u00e0 la chasse aux d\u00e9chets ce samedi 5 juin entre 13h30 et 14h30 et 17h rendez- vous au Stade des Roches avec gants masque et gilet fluo. Elle aurait \u00e9galement besoin de volontaires pour la tenue du bureau de vote (cr\u00e9neau de 2h30) pour les \u00e9lections r\u00e9gionales des dimanches 20 et 27 juin. N&rsquo;h\u00e9sitez pas \u00e0 contacter le secr\u00e9tariat.<br \/>\nProfitez de cette reprise tardive pour pr\u00e9parer physiquement et mentalement vos prochaines vacances.<br \/>\nA tr\u00e8s bient\u00f4t, avec grand plaisir.<\/p>\n","protected":false},"excerpt":{"rendered":"<p>Chers adh\u00e9rents, suite \u00e0 la r\u00e9union du bureau du skcc ce lundi 31 mai nous avons le plaisir de vous annoncer les reprises suivantes: 1) karat\u00e9 traditionnel enfants et ados depuis le lundi 31 mai \u00e0 17h30 et 18h30 2) body karat\u00e9 mercredi 2 juin reprise en ext\u00e9rieur \u00e0 18h30 et 19h30 mais annulation du [&hellip;]<\/p>\n","protected":false},"author":4,"featured_media":0,"comment_status":"open","ping_status":"open","sticky":false,"template":"","format":"standard","meta":{"ngg_post_thumbnail":0,"jetpack_post_was_ever_published":false,"_jetpack_newsletter_access":"","_jetpack_dont_email_post_to_subs":false,"_jetpack_newsletter_tier_id":0,"_jetpack_memberships_contains_paywalled_content":false,"_jetpack_memberships_contains_paid_content":false,"footnotes":"","jetpack_publicize_message":"","jetpack_publicize_feature_enabled":true,"jetpack_social_post_already_shared":true,"jetpack_social_options":{"image_generator_settings":{"template":"highway","default_image_id":0,"font":"","enabled":false},"version":2}},"categories":[1],"tags":[],"class_list":["post-1460","post","type-post","status-publish","format-standard","hentry","category-non-classe"],"jetpack_publicize_connections":[],"jetpack_featured_media_url":"","jetpack_sharing_enabled":true,"jetpack_shortlink":"https:\/\/wp.me\/p51Dek-ny","_links":{"self":[{"href":"https:\/\/cellieu.fr\/press3\/skcc\/wp-json\/wp\/v2\/posts\/1460","targetHints":{"allow":["GET"]}}],"collection":[{"href":"https:\/\/cellieu.fr\/press3\/skcc\/wp-json\/wp\/v2\/posts"}],"about":[{"href":"https:\/\/cellieu.fr\/press3\/skcc\/wp-json\/wp\/v2\/types\/post"}],"author":[{"embeddable":true,"href":"https:\/\/cellieu.fr\/press3\/skcc\/wp-json\/wp\/v2\/users\/4"}],"replies":[{"embeddable":true,"href":"https:\/\/cellieu.fr\/press3\/skcc\/wp-json\/wp\/v2\/comments?post=1460"}],"version-history":[{"count":1,"href":"https:\/\/cellieu.fr\/press3\/skcc\/wp-json\/wp\/v2\/posts\/1460\/revisions"}],"predecessor-version":[{"id":1461,"href":"https:\/\/cellieu.fr\/press3\/skcc\/wp-json\/wp\/v2\/posts\/1460\/revisions\/1461"}],"wp:attachment":[{"href":"https:\/\/cellieu.fr\/press3\/skcc\/wp-json\/wp\/v2\/media?parent=1460"}],"wp:term":[{"taxonomy":"category","embeddable":true,"href":"https:\/\/cellieu.fr\/press3\/skcc\/wp-json\/wp\/v2\/categories?post=1460"},{"taxonomy":"post_tag","embeddable":true,"href":"https:\/\/cellieu.fr\/press3\/skcc\/wp-json\/wp\/v2\/tags?post=1460"}],"curies":[{"name":"wp","href":"https:\/\/api.w.org\/{rel}","templated":true}]}}