{"id":1505,"date":"2021-11-21T21:03:57","date_gmt":"2021-11-21T20:03:57","guid":{"rendered":"https:\/\/cellieu.fr\/press3\/skcc\/?p=1505"},"modified":"2021-11-21T21:03:57","modified_gmt":"2021-11-21T20:03:57","slug":"assemblee-generale-5","status":"publish","type":"post","link":"https:\/\/cellieu.fr\/press3\/skcc\/2021\/11\/21\/assemblee-generale-5\/","title":{"rendered":"Assembl\u00e9e g\u00e9n\u00e9rale"},"content":{"rendered":"<p><a href=\"https:\/\/cellieu.fr\/press3\/skcc\/2021\/11\/21\/assemblee-generale-5\/d963e735-2883-4459-b7c6-7aecc2345d81\/#main\" rel=\"attachment wp-att-1507\"><img loading=\"lazy\" decoding=\"async\" class=\"aligncenter size-large wp-image-1507\" src=\"https:\/\/cellieu.fr\/press3\/skcc\/wp-content\/uploads\/sites\/3\/2021\/11\/D963E735-2883-4459-B7C6-7AECC2345D81-746x1024.jpeg\" alt=\"\" width=\"654\" height=\"898\" srcset=\"https:\/\/cellieu.fr\/press3\/skcc\/wp-content\/uploads\/sites\/3\/2021\/11\/D963E735-2883-4459-B7C6-7AECC2345D81-746x1024.jpeg 746w, https:\/\/cellieu.fr\/press3\/skcc\/wp-content\/uploads\/sites\/3\/2021\/11\/D963E735-2883-4459-B7C6-7AECC2345D81-218x300.jpeg 218w, https:\/\/cellieu.fr\/press3\/skcc\/wp-content\/uploads\/sites\/3\/2021\/11\/D963E735-2883-4459-B7C6-7AECC2345D81-768x1055.jpeg 768w, https:\/\/cellieu.fr\/press3\/skcc\/wp-content\/uploads\/sites\/3\/2021\/11\/D963E735-2883-4459-B7C6-7AECC2345D81-1118x1536.jpeg 1118w, https:\/\/cellieu.fr\/press3\/skcc\/wp-content\/uploads\/sites\/3\/2021\/11\/D963E735-2883-4459-B7C6-7AECC2345D81-1x1.jpeg 1w, https:\/\/cellieu.fr\/press3\/skcc\/wp-content\/uploads\/sites\/3\/2021\/11\/D963E735-2883-4459-B7C6-7AECC2345D81.jpeg 1125w\" sizes=\"auto, (max-width: 654px) 100vw, 654px\" \/><\/a><\/p>\n<p>Lien t\u00e9l\u00e9chargement : <a href=\"https:\/\/cellieu.fr\/press3\/skcc\/2021\/11\/21\/assemblee-generale-5\/convocation-ag-2021\/\" rel=\"attachment wp-att-1508\">convocation AG 2021<\/a><\/p>\n","protected":false},"excerpt":{"rendered":"<p>Lien t\u00e9l\u00e9chargement : convocation AG 2021<\/p>\n","protected":false},"author":4,"featured_media":0,"comment_status":"open","ping_status":"open","sticky":false,"template":"","format":"standard","meta":{"ngg_post_thumbnail":0,"jetpack_post_was_ever_published":false,"_jetpack_newsletter_access":"","_jetpack_dont_email_post_to_subs":false,"_jetpack_newsletter_tier_id":0,"_jetpack_memberships_contains_paywalled_content":false,"_jetpack_memberships_contains_paid_content":false,"footnotes":"","jetpack_publicize_message":"","jetpack_publicize_feature_enabled":true,"jetpack_social_post_already_shared":true,"jetpack_social_options":{"image_generator_settings":{"template":"highway","default_image_id":0,"font":"","enabled":false},"version":2}},"categories":[1],"tags":[],"class_list":["post-1505","post","type-post","status-publish","format-standard","hentry","category-non-classe"],"jetpack_publicize_connections":[],"jetpack_featured_media_url":"","jetpack_sharing_enabled":true,"jetpack_shortlink":"https:\/\/wp.me\/p51Dek-oh","_links":{"self":[{"href":"https:\/\/cellieu.fr\/press3\/skcc\/wp-json\/wp\/v2\/posts\/1505","targetHints":{"allow":["GET"]}}],"collection":[{"href":"https:\/\/cellieu.fr\/press3\/skcc\/wp-json\/wp\/v2\/posts"}],"about":[{"href":"https:\/\/cellieu.fr\/press3\/skcc\/wp-json\/wp\/v2\/types\/post"}],"author":[{"embeddable":true,"href":"https:\/\/cellieu.fr\/press3\/skcc\/wp-json\/wp\/v2\/users\/4"}],"replies":[{"embeddable":true,"href":"https:\/\/cellieu.fr\/press3\/skcc\/wp-json\/wp\/v2\/comments?post=1505"}],"version-history":[{"count":3,"href":"https:\/\/cellieu.fr\/press3\/skcc\/wp-json\/wp\/v2\/posts\/1505\/revisions"}],"predecessor-version":[{"id":1510,"href":"https:\/\/cellieu.fr\/press3\/skcc\/wp-json\/wp\/v2\/posts\/1505\/revisions\/1510"}],"wp:attachment":[{"href":"https:\/\/cellieu.fr\/press3\/skcc\/wp-json\/wp\/v2\/media?parent=1505"}],"wp:term":[{"taxonomy":"category","embeddable":true,"href":"https:\/\/cellieu.fr\/press3\/skcc\/wp-json\/wp\/v2\/categories?post=1505"},{"taxonomy":"post_tag","embeddable":true,"href":"https:\/\/cellieu.fr\/press3\/skcc\/wp-json\/wp\/v2\/tags?post=1505"}],"curies":[{"name":"wp","href":"https:\/\/api.w.org\/{rel}","templated":true}]}}