{"id":1577,"date":"2022-06-10T21:15:50","date_gmt":"2022-06-10T20:15:50","guid":{"rendered":"https:\/\/cellieu.fr\/press3\/skcc\/?p=1577"},"modified":"2022-06-10T21:15:50","modified_gmt":"2022-06-10T20:15:50","slug":"resultat-coupe-de-france-sud","status":"publish","type":"post","link":"https:\/\/cellieu.fr\/press3\/skcc\/2022\/06\/10\/resultat-coupe-de-france-sud\/","title":{"rendered":"R\u00e9sultat coupe de France sud"},"content":{"rendered":"<p>Samedi 4 Juin 2022 avait lieu la coupe France sud \u00e0 Saint Orens de Gameville (31)<\/p>\n<p>Deux de nos athl\u00e8tes \u00e9taient pr\u00e9sent et ont brillamment fini 1er et 3\u00e8me dans leur cat\u00e9gorie (minime masculin &#8211; 50 kg) coach\u00e9 et accompagn\u00e9 par Abb\u00e8s.<\/p>\n<p>F\u00e9liciation \u00e0 PILIA Noa pour sa premi\u00e8re place et OUTTERYCK Antoine pour sa troisi\u00e8me place.<\/p>\n<p><img loading=\"lazy\" decoding=\"async\" class=\"alignnone size-medium wp-image-1572\" src=\"https:\/\/cellieu.fr\/press3\/skcc\/wp-content\/uploads\/sites\/3\/2022\/06\/photo_1-1-169x300.jpeg\" alt=\"\" width=\"169\" height=\"300\" srcset=\"https:\/\/cellieu.fr\/press3\/skcc\/wp-content\/uploads\/sites\/3\/2022\/06\/photo_1-1-169x300.jpeg 169w, https:\/\/cellieu.fr\/press3\/skcc\/wp-content\/uploads\/sites\/3\/2022\/06\/photo_1-1-576x1024.jpeg 576w, https:\/\/cellieu.fr\/press3\/skcc\/wp-content\/uploads\/sites\/3\/2022\/06\/photo_1-1-1x1.jpeg 1w, https:\/\/cellieu.fr\/press3\/skcc\/wp-content\/uploads\/sites\/3\/2022\/06\/photo_1-1.jpeg 750w\" sizes=\"auto, (max-width: 169px) 100vw, 169px\" \/><img loading=\"lazy\" decoding=\"async\" class=\"alignnone size-medium wp-image-1574\" src=\"https:\/\/cellieu.fr\/press3\/skcc\/wp-content\/uploads\/sites\/3\/2022\/06\/photo_3-300x169.jpeg\" alt=\"\" width=\"300\" height=\"169\" srcset=\"https:\/\/cellieu.fr\/press3\/skcc\/wp-content\/uploads\/sites\/3\/2022\/06\/photo_3-300x169.jpeg 300w, https:\/\/cellieu.fr\/press3\/skcc\/wp-content\/uploads\/sites\/3\/2022\/06\/photo_3-1024x576.jpeg 1024w, https:\/\/cellieu.fr\/press3\/skcc\/wp-content\/uploads\/sites\/3\/2022\/06\/photo_3-768x432.jpeg 768w, https:\/\/cellieu.fr\/press3\/skcc\/wp-content\/uploads\/sites\/3\/2022\/06\/photo_3-2x1.jpeg 2w, https:\/\/cellieu.fr\/press3\/skcc\/wp-content\/uploads\/sites\/3\/2022\/06\/photo_3-700x394.jpeg 700w, https:\/\/cellieu.fr\/press3\/skcc\/wp-content\/uploads\/sites\/3\/2022\/06\/photo_3.jpeg 1334w\" sizes=\"auto, (max-width: 300px) 100vw, 300px\" \/><img loading=\"lazy\" decoding=\"async\" class=\"alignnone size-medium wp-image-1573\" src=\"https:\/\/cellieu.fr\/press3\/skcc\/wp-content\/uploads\/sites\/3\/2022\/06\/photo_2-169x300.jpeg\" alt=\"\" width=\"169\" height=\"300\" srcset=\"https:\/\/cellieu.fr\/press3\/skcc\/wp-content\/uploads\/sites\/3\/2022\/06\/photo_2-169x300.jpeg 169w, https:\/\/cellieu.fr\/press3\/skcc\/wp-content\/uploads\/sites\/3\/2022\/06\/photo_2-576x1024.jpeg 576w, https:\/\/cellieu.fr\/press3\/skcc\/wp-content\/uploads\/sites\/3\/2022\/06\/photo_2-1x1.jpeg 1w, https:\/\/cellieu.fr\/press3\/skcc\/wp-content\/uploads\/sites\/3\/2022\/06\/photo_2.jpeg 750w\" sizes=\"auto, (max-width: 169px) 100vw, 169px\" \/><\/p>\n","protected":false},"excerpt":{"rendered":"<p>Samedi 4 Juin 2022 avait lieu la coupe France sud \u00e0 Saint Orens de Gameville (31) Deux de nos athl\u00e8tes \u00e9taient pr\u00e9sent et ont brillamment fini 1er et 3\u00e8me dans leur cat\u00e9gorie (minime masculin &#8211; 50 kg) coach\u00e9 et accompagn\u00e9 par Abb\u00e8s. F\u00e9liciation \u00e0 PILIA Noa pour sa premi\u00e8re place et OUTTERYCK Antoine pour sa [&hellip;]<\/p>\n","protected":false},"author":24,"featured_media":0,"comment_status":"open","ping_status":"open","sticky":false,"template":"","format":"standard","meta":{"ngg_post_thumbnail":0,"jetpack_post_was_ever_published":false,"_jetpack_newsletter_access":"","_jetpack_dont_email_post_to_subs":false,"_jetpack_newsletter_tier_id":0,"_jetpack_memberships_contains_paywalled_content":false,"_jetpack_memberships_contains_paid_content":false,"footnotes":"","jetpack_publicize_message":"","jetpack_publicize_feature_enabled":true,"jetpack_social_post_already_shared":true,"jetpack_social_options":{"image_generator_settings":{"template":"highway","default_image_id":0,"font":"","enabled":false},"version":2}},"categories":[1],"tags":[],"class_list":["post-1577","post","type-post","status-publish","format-standard","hentry","category-non-classe"],"jetpack_publicize_connections":[],"jetpack_featured_media_url":"","jetpack_sharing_enabled":true,"jetpack_shortlink":"https:\/\/wp.me\/p51Dek-pr","_links":{"self":[{"href":"https:\/\/cellieu.fr\/press3\/skcc\/wp-json\/wp\/v2\/posts\/1577","targetHints":{"allow":["GET"]}}],"collection":[{"href":"https:\/\/cellieu.fr\/press3\/skcc\/wp-json\/wp\/v2\/posts"}],"about":[{"href":"https:\/\/cellieu.fr\/press3\/skcc\/wp-json\/wp\/v2\/types\/post"}],"author":[{"embeddable":true,"href":"https:\/\/cellieu.fr\/press3\/skcc\/wp-json\/wp\/v2\/users\/24"}],"replies":[{"embeddable":true,"href":"https:\/\/cellieu.fr\/press3\/skcc\/wp-json\/wp\/v2\/comments?post=1577"}],"version-history":[{"count":1,"href":"https:\/\/cellieu.fr\/press3\/skcc\/wp-json\/wp\/v2\/posts\/1577\/revisions"}],"predecessor-version":[{"id":1578,"href":"https:\/\/cellieu.fr\/press3\/skcc\/wp-json\/wp\/v2\/posts\/1577\/revisions\/1578"}],"wp:attachment":[{"href":"https:\/\/cellieu.fr\/press3\/skcc\/wp-json\/wp\/v2\/media?parent=1577"}],"wp:term":[{"taxonomy":"category","embeddable":true,"href":"https:\/\/cellieu.fr\/press3\/skcc\/wp-json\/wp\/v2\/categories?post=1577"},{"taxonomy":"post_tag","embeddable":true,"href":"https:\/\/cellieu.fr\/press3\/skcc\/wp-json\/wp\/v2\/tags?post=1577"}],"curies":[{"name":"wp","href":"https:\/\/api.w.org\/{rel}","templated":true}]}}