{"id":1626,"date":"2022-10-19T19:17:46","date_gmt":"2022-10-19T18:17:46","guid":{"rendered":"https:\/\/cellieu.fr\/press3\/skcc\/?p=1626"},"modified":"2022-10-19T19:17:46","modified_gmt":"2022-10-19T18:17:46","slug":"calendrier-saison-2022-2023","status":"publish","type":"post","link":"https:\/\/cellieu.fr\/press3\/skcc\/2022\/10\/19\/calendrier-saison-2022-2023\/","title":{"rendered":"Calendrier saison 2022-2023"},"content":{"rendered":"<p>voici les liens vers les diff\u00e9rents calendriers :<\/p>\n<p>Comit\u00e9 de la Loire : <a href=\"https:\/\/sites.ffkarate.fr\/loire\/calendrier\/\">Calendrier Archive &#8211; Comit\u00e9 d\u00e9partemental de la Loire de Karat\u00e9 et Disciplines Associ\u00e9es (ffkarate.fr)<\/a><\/p>\n<p>F\u00e9d\u00e9ration Fran\u00e7aise de karat\u00e9 : <a href=\"https:\/\/www.ffkarate.fr\/calendrier\/\">Evenements \u2013 F\u00e9d\u00e9ration Fran\u00e7aise de Karat\u00e9 (ffkarate.fr)<\/a><\/p>\n<p>Karat\u00e9 contact : <a href=\"https:\/\/www.ffkarate.fr\/calendrier\/?cat_id%5B%5D=10\">Evenements \u2013 F\u00e9d\u00e9ration Fran\u00e7aise de Karat\u00e9 (ffkarate.fr)<\/a><\/p>\n<p>Body karat\u00e9 : <a href=\"https:\/\/www.ffkarate.fr\/calendrier\/?cat_id%5B%5D=226\">Evenements \u2013 F\u00e9d\u00e9ration Fran\u00e7aise de Karat\u00e9 (ffkarate.fr)<\/a><\/p>\n<p>d&rsquo;autres \u00e9v\u00e9nements et stages seront publi\u00e9s au fur et \u00e0 mesure&nbsp;<\/p>\n","protected":false},"excerpt":{"rendered":"<p>voici les liens vers les diff\u00e9rents calendriers : Comit\u00e9 de la Loire : Calendrier Archive &#8211; Comit\u00e9 d\u00e9partemental de la Loire de Karat\u00e9 et Disciplines Associ\u00e9es (ffkarate.fr) F\u00e9d\u00e9ration Fran\u00e7aise de karat\u00e9 : Evenements \u2013 F\u00e9d\u00e9ration Fran\u00e7aise de Karat\u00e9 (ffkarate.fr) Karat\u00e9 contact : Evenements \u2013 F\u00e9d\u00e9ration Fran\u00e7aise de Karat\u00e9 (ffkarate.fr) Body karat\u00e9 : Evenements \u2013 F\u00e9d\u00e9ration [&hellip;]<\/p>\n","protected":false},"author":24,"featured_media":0,"comment_status":"open","ping_status":"open","sticky":false,"template":"","format":"standard","meta":{"ngg_post_thumbnail":0,"jetpack_post_was_ever_published":false,"_jetpack_newsletter_access":"","_jetpack_dont_email_post_to_subs":false,"_jetpack_newsletter_tier_id":0,"_jetpack_memberships_contains_paywalled_content":false,"_jetpack_memberships_contains_paid_content":false,"footnotes":"","jetpack_publicize_message":"","jetpack_publicize_feature_enabled":true,"jetpack_social_post_already_shared":true,"jetpack_social_options":{"image_generator_settings":{"template":"highway","default_image_id":0,"font":"","enabled":false},"version":2}},"categories":[1],"tags":[],"class_list":["post-1626","post","type-post","status-publish","format-standard","hentry","category-non-classe"],"jetpack_publicize_connections":[],"jetpack_featured_media_url":"","jetpack_sharing_enabled":true,"jetpack_shortlink":"https:\/\/wp.me\/p51Dek-qe","_links":{"self":[{"href":"https:\/\/cellieu.fr\/press3\/skcc\/wp-json\/wp\/v2\/posts\/1626","targetHints":{"allow":["GET"]}}],"collection":[{"href":"https:\/\/cellieu.fr\/press3\/skcc\/wp-json\/wp\/v2\/posts"}],"about":[{"href":"https:\/\/cellieu.fr\/press3\/skcc\/wp-json\/wp\/v2\/types\/post"}],"author":[{"embeddable":true,"href":"https:\/\/cellieu.fr\/press3\/skcc\/wp-json\/wp\/v2\/users\/24"}],"replies":[{"embeddable":true,"href":"https:\/\/cellieu.fr\/press3\/skcc\/wp-json\/wp\/v2\/comments?post=1626"}],"version-history":[{"count":1,"href":"https:\/\/cellieu.fr\/press3\/skcc\/wp-json\/wp\/v2\/posts\/1626\/revisions"}],"predecessor-version":[{"id":1627,"href":"https:\/\/cellieu.fr\/press3\/skcc\/wp-json\/wp\/v2\/posts\/1626\/revisions\/1627"}],"wp:attachment":[{"href":"https:\/\/cellieu.fr\/press3\/skcc\/wp-json\/wp\/v2\/media?parent=1626"}],"wp:term":[{"taxonomy":"category","embeddable":true,"href":"https:\/\/cellieu.fr\/press3\/skcc\/wp-json\/wp\/v2\/categories?post=1626"},{"taxonomy":"post_tag","embeddable":true,"href":"https:\/\/cellieu.fr\/press3\/skcc\/wp-json\/wp\/v2\/tags?post=1626"}],"curies":[{"name":"wp","href":"https:\/\/api.w.org\/{rel}","templated":true}]}}