{"id":1633,"date":"2022-10-20T21:30:51","date_gmt":"2022-10-20T20:30:51","guid":{"rendered":"https:\/\/cellieu.fr\/press3\/skcc\/?p=1633"},"modified":"2022-10-20T21:30:51","modified_gmt":"2022-10-20T20:30:51","slug":"soiree-graines-de-champions","status":"publish","type":"post","link":"https:\/\/cellieu.fr\/press3\/skcc\/2022\/10\/20\/soiree-graines-de-champions\/","title":{"rendered":"Soir\u00e9e Graines de champions"},"content":{"rendered":"<p>Vendredi 14 octobre le comit\u00e9 olympique de la Loire \u00e0 organiser une soir\u00e9e graines de champions afin de r\u00e9compenser les champions de notre d\u00e9partement, Antoine et Noa ont \u00e9t\u00e9 mis en avant lors de cette soir\u00e9e pour leur r\u00e9sultat de la coupe de France sud.<\/p>\n<p>Encore bravo pour ce r\u00e9sultat.<\/p>\n<p><img loading=\"lazy\" decoding=\"async\" class=\"alignnone size-medium wp-image-1632\" src=\"https:\/\/cellieu.fr\/press3\/skcc\/wp-content\/uploads\/sites\/3\/2022\/10\/soiree-graine-de-champion-300x300.jpeg\" alt=\"\" width=\"300\" height=\"300\" srcset=\"https:\/\/cellieu.fr\/press3\/skcc\/wp-content\/uploads\/sites\/3\/2022\/10\/soiree-graine-de-champion-300x300.jpeg 300w, https:\/\/cellieu.fr\/press3\/skcc\/wp-content\/uploads\/sites\/3\/2022\/10\/soiree-graine-de-champion-1024x1024.jpeg 1024w, https:\/\/cellieu.fr\/press3\/skcc\/wp-content\/uploads\/sites\/3\/2022\/10\/soiree-graine-de-champion-150x150.jpeg 150w, https:\/\/cellieu.fr\/press3\/skcc\/wp-content\/uploads\/sites\/3\/2022\/10\/soiree-graine-de-champion-768x768.jpeg 768w, https:\/\/cellieu.fr\/press3\/skcc\/wp-content\/uploads\/sites\/3\/2022\/10\/soiree-graine-de-champion-144x144.jpeg 144w, https:\/\/cellieu.fr\/press3\/skcc\/wp-content\/uploads\/sites\/3\/2022\/10\/soiree-graine-de-champion-1x1.jpeg 1w, https:\/\/cellieu.fr\/press3\/skcc\/wp-content\/uploads\/sites\/3\/2022\/10\/soiree-graine-de-champion.jpeg 1080w\" sizes=\"auto, (max-width: 300px) 100vw, 300px\" \/><\/p>\n<p>Merci Abbes pour la photo de cet \u00e9v\u00e9nement.<\/p>\n<p>&nbsp;<\/p>\n","protected":false},"excerpt":{"rendered":"<p>Vendredi 14 octobre le comit\u00e9 olympique de la Loire \u00e0 organiser une soir\u00e9e graines de champions afin de r\u00e9compenser les champions de notre d\u00e9partement, Antoine et Noa ont \u00e9t\u00e9 mis en avant lors de cette soir\u00e9e pour leur r\u00e9sultat de la coupe de France sud. Encore bravo pour ce r\u00e9sultat. Merci Abbes pour la photo [&hellip;]<\/p>\n","protected":false},"author":24,"featured_media":0,"comment_status":"open","ping_status":"open","sticky":false,"template":"","format":"standard","meta":{"ngg_post_thumbnail":0,"jetpack_post_was_ever_published":false,"_jetpack_newsletter_access":"","_jetpack_dont_email_post_to_subs":false,"_jetpack_newsletter_tier_id":0,"_jetpack_memberships_contains_paywalled_content":false,"_jetpack_memberships_contains_paid_content":false,"footnotes":"","jetpack_publicize_message":"","jetpack_publicize_feature_enabled":true,"jetpack_social_post_already_shared":true,"jetpack_social_options":{"image_generator_settings":{"template":"highway","default_image_id":0,"font":"","enabled":false},"version":2}},"categories":[1],"tags":[],"class_list":["post-1633","post","type-post","status-publish","format-standard","hentry","category-non-classe"],"jetpack_publicize_connections":[],"jetpack_featured_media_url":"","jetpack_sharing_enabled":true,"jetpack_shortlink":"https:\/\/wp.me\/p51Dek-ql","_links":{"self":[{"href":"https:\/\/cellieu.fr\/press3\/skcc\/wp-json\/wp\/v2\/posts\/1633","targetHints":{"allow":["GET"]}}],"collection":[{"href":"https:\/\/cellieu.fr\/press3\/skcc\/wp-json\/wp\/v2\/posts"}],"about":[{"href":"https:\/\/cellieu.fr\/press3\/skcc\/wp-json\/wp\/v2\/types\/post"}],"author":[{"embeddable":true,"href":"https:\/\/cellieu.fr\/press3\/skcc\/wp-json\/wp\/v2\/users\/24"}],"replies":[{"embeddable":true,"href":"https:\/\/cellieu.fr\/press3\/skcc\/wp-json\/wp\/v2\/comments?post=1633"}],"version-history":[{"count":1,"href":"https:\/\/cellieu.fr\/press3\/skcc\/wp-json\/wp\/v2\/posts\/1633\/revisions"}],"predecessor-version":[{"id":1634,"href":"https:\/\/cellieu.fr\/press3\/skcc\/wp-json\/wp\/v2\/posts\/1633\/revisions\/1634"}],"wp:attachment":[{"href":"https:\/\/cellieu.fr\/press3\/skcc\/wp-json\/wp\/v2\/media?parent=1633"}],"wp:term":[{"taxonomy":"category","embeddable":true,"href":"https:\/\/cellieu.fr\/press3\/skcc\/wp-json\/wp\/v2\/categories?post=1633"},{"taxonomy":"post_tag","embeddable":true,"href":"https:\/\/cellieu.fr\/press3\/skcc\/wp-json\/wp\/v2\/tags?post=1633"}],"curies":[{"name":"wp","href":"https:\/\/api.w.org\/{rel}","templated":true}]}}