{"id":1646,"date":"2022-11-23T21:25:22","date_gmt":"2022-11-23T20:25:22","guid":{"rendered":"https:\/\/cellieu.fr\/press3\/skcc\/?p=1646"},"modified":"2022-11-23T21:25:22","modified_gmt":"2022-11-23T20:25:22","slug":"stage-body-karate-4","status":"publish","type":"post","link":"https:\/\/cellieu.fr\/press3\/skcc\/2022\/11\/23\/stage-body-karate-4\/","title":{"rendered":"stage body karat\u00e9"},"content":{"rendered":"<p><img loading=\"lazy\" decoding=\"async\" class=\"alignnone size-medium wp-image-1645\" src=\"https:\/\/cellieu.fr\/press3\/skcc\/wp-content\/uploads\/sites\/3\/2022\/11\/316103023_572014884928424_8658424687202976969_n-212x300.jpg\" alt=\"\" width=\"212\" height=\"300\" srcset=\"https:\/\/cellieu.fr\/press3\/skcc\/wp-content\/uploads\/sites\/3\/2022\/11\/316103023_572014884928424_8658424687202976969_n-212x300.jpg 212w, https:\/\/cellieu.fr\/press3\/skcc\/wp-content\/uploads\/sites\/3\/2022\/11\/316103023_572014884928424_8658424687202976969_n-1x1.jpg 1w, https:\/\/cellieu.fr\/press3\/skcc\/wp-content\/uploads\/sites\/3\/2022\/11\/316103023_572014884928424_8658424687202976969_n.jpg 720w\" sizes=\"auto, (max-width: 212px) 100vw, 212px\" \/><\/p>\n<div dir=\"auto\">[PENSEZ A VOUS INSCRIRE]<\/div>\n<div dir=\"auto\"><span class=\"x3nfvp2 x1j61x8r x1fcty0u xdj266r xhhsvwb xat24cr xgzva0m xxymvpz xlup9mm x1kky2od\"><img loading=\"lazy\" decoding=\"async\" src=\"https:\/\/static.xx.fbcdn.net\/images\/emoji.php\/v9\/t9e\/1\/16\/27a1.png\" alt=\"&#x27a1;&#xfe0f;\" width=\"16\" height=\"16\"><\/span> BODY KARATE &#8211; R\u00e9gion AURA<\/div>\n<div dir=\"auto\"><span class=\"x3nfvp2 x1j61x8r x1fcty0u xdj266r xhhsvwb xat24cr xgzva0m xxymvpz xlup9mm x1kky2od\"><img loading=\"lazy\" decoding=\"async\" src=\"https:\/\/static.xx.fbcdn.net\/images\/emoji.php\/v9\/t8e\/1\/16\/2139.png\" alt=\"&#x2139;&#xfe0f;\" width=\"16\" height=\"16\"><\/span> Stage Technique Body Karat\u00e9<\/div>\n<div dir=\"auto\"><span class=\"x3nfvp2 x1j61x8r x1fcty0u xdj266r xhhsvwb xat24cr xgzva0m xxymvpz xlup9mm x1kky2od\"><img loading=\"lazy\" decoding=\"async\" src=\"https:\/\/static.xx.fbcdn.net\/images\/emoji.php\/v9\/tff\/1\/16\/1f4c6.png\" alt=\"&#x1f4c6;\" width=\"16\" height=\"16\"><\/span> Dimanche 27 Novembre 2022<\/div>\n<div dir=\"auto\"><span class=\"x3nfvp2 x1j61x8r x1fcty0u xdj266r xhhsvwb xat24cr xgzva0m xxymvpz xlup9mm x1kky2od\"><img loading=\"lazy\" decoding=\"async\" src=\"https:\/\/static.xx.fbcdn.net\/images\/emoji.php\/v9\/t3f\/1\/16\/1f4e8.png\" alt=\"&#x1f4e8;\" width=\"16\" height=\"16\"><\/span> 12 rue Saint-Th\u00e9odore 69003 Lyon<\/div>\n<div dir=\"auto\"><span class=\"x3nfvp2 x1j61x8r x1fcty0u xdj266r xhhsvwb xat24cr xgzva0m xxymvpz xlup9mm x1kky2od\"><img loading=\"lazy\" decoding=\"async\" src=\"https:\/\/static.xx.fbcdn.net\/images\/emoji.php\/v9\/tb5\/1\/16\/23f1.png\" alt=\"&#x23f1;\" width=\"16\" height=\"16\"><\/span> 10h00-12h00<\/div>\n<div dir=\"auto\">Au programme, des exercices permettant de perfectionner la technicit\u00e9 des mouvements employ\u00e9s dans le cadre de la pratique du Body Karat\u00e9 et ceci en lien avec la relation \u201cmusique-mouvement\u201d. N\u2019oubliez pas de vous inscrire afin de r\u00e9server votre place!<\/div>\n<div dir=\"auto\"><span class=\"x3nfvp2 x1j61x8r x1fcty0u xdj266r xhhsvwb xat24cr xgzva0m xxymvpz xlup9mm x1kky2od\"><img loading=\"lazy\" decoding=\"async\" src=\"https:\/\/static.xx.fbcdn.net\/images\/emoji.php\/v9\/t9e\/1\/16\/27a1.png\" alt=\"&#x27a1;&#xfe0f;\" width=\"16\" height=\"16\"><\/span>Inscriptions : <a class=\"x1i10hfl xjbqb8w x6umtig x1b1mbwd xaqea5y xav7gou x9f619 x1ypdohk xt0psk2 xe8uvvx xdj266r x11i5rnm xat24cr x1mh8g0r xexx8yu x4uap5 x18d9i69 xkhd6sd x16tdsg8 x1hl2dhg xggy1nq x1a2a7pz xt0b8zv x1fey0fg\" role=\"link\" href=\"https:\/\/cally.com\/p2xtdvp4s8dnnfyn?fbclid=IwAR3MuwtSFX4uTWfJQg88FxCAGnsA_U8bzNULSFIqZ7kg3pGHKE7_N830weo\" target=\"_blank\" rel=\"nofollow noopener\">https:\/\/cally.com\/p2xtdvp4s8dnnfyn<\/a><\/div>\n<div dir=\"auto\"><span class=\"x3nfvp2 x1j61x8r x1fcty0u xdj266r xhhsvwb xat24cr xgzva0m xxymvpz xlup9mm x1kky2od\"><img loading=\"lazy\" decoding=\"async\" src=\"https:\/\/static.xx.fbcdn.net\/images\/emoji.php\/v9\/t3f\/1\/16\/1f94b.png\" alt=\"&#x1f94b;\" width=\"16\" height=\"16\"><\/span>Intervenantes : Nadia Dumont, 6\u00e8me dan, ancienne athl\u00e8te internationale kata et Gwendoline Fran\u00e7oise, Responsable Technique Body Karat\u00e9 de la ligue.<\/div>\n<div dir=\"auto\"><span class=\"x3nfvp2 x1j61x8r x1fcty0u xdj266r xhhsvwb xat24cr xgzva0m xxymvpz xlup9mm x1kky2od\"><img loading=\"lazy\" decoding=\"async\" src=\"https:\/\/static.xx.fbcdn.net\/images\/emoji.php\/v9\/te4\/1\/16\/270f.png\" alt=\"&#x270f;&#xfe0f;\" width=\"16\" height=\"16\"><\/span> Conception affiche : <a class=\"x1i10hfl xjbqb8w x6umtig x1b1mbwd xaqea5y xav7gou x9f619 x1ypdohk xt0psk2 xe8uvvx xdj266r x11i5rnm xat24cr x1mh8g0r xexx8yu x4uap5 x18d9i69 xkhd6sd x16tdsg8 x1hl2dhg xggy1nq x1a2a7pz xt0b8zv x1qq9wsj xo1l8bm\" role=\"link\" href=\"https:\/\/www.facebook.com\/BIGORNODESIGN?__cft__[0]=AZU4uCqysGoxj6cOiayKsJ3LCWZdl9QrT-dnetm-YCeKqrmHvQUkwDPb1XwbUp5eG_s9P_dUzlfE7gzI-Fmzl6fC0BtTnSrtD0EUWgk58vtySTtf1G68vd3h_NsWQZ-ASPeJNFcgeRrjDqj820T1pEnfF91U1iU1sy4918saH2Ainxiwq2BIW6unloR1fx-PrFLGFcta9IubQLkM5Q920-Fe&amp;__tn__=-]K-y-R\"><span class=\"xt0psk2\">Big Or No Design<\/span><\/a> \/ <a class=\"x1i10hfl xjbqb8w x6umtig x1b1mbwd xaqea5y xav7gou x9f619 x1ypdohk xt0psk2 xe8uvvx xdj266r x11i5rnm xat24cr x1mh8g0r xexx8yu x4uap5 x18d9i69 xkhd6sd x16tdsg8 x1hl2dhg xggy1nq x1a2a7pz xt0b8zv x1qq9wsj xo1l8bm\" role=\"link\" href=\"https:\/\/www.facebook.com\/profile.php?id=100071731335922&amp;__cft__[0]=AZU4uCqysGoxj6cOiayKsJ3LCWZdl9QrT-dnetm-YCeKqrmHvQUkwDPb1XwbUp5eG_s9P_dUzlfE7gzI-Fmzl6fC0BtTnSrtD0EUWgk58vtySTtf1G68vd3h_NsWQZ-ASPeJNFcgeRrjDqj820T1pEnfF91U1iU1sy4918saH2Ainxiwq2BIW6unloR1fx-PrFLGFcta9IubQLkM5Q920-Fe&amp;__tn__=-]K-y-R\"><span class=\"xt0psk2\">Ju Royer<\/span><\/a><\/div>\n","protected":false},"excerpt":{"rendered":"<p>[PENSEZ A VOUS INSCRIRE] BODY KARATE &#8211; R\u00e9gion AURA Stage Technique Body Karat\u00e9 Dimanche 27 Novembre 2022 12 rue Saint-Th\u00e9odore 69003 Lyon 10h00-12h00 Au programme, des exercices permettant de perfectionner la technicit\u00e9 des mouvements employ\u00e9s dans le cadre de la pratique du Body Karat\u00e9 et ceci en lien avec la relation \u201cmusique-mouvement\u201d. N\u2019oubliez pas de [&hellip;]<\/p>\n","protected":false},"author":24,"featured_media":0,"comment_status":"open","ping_status":"open","sticky":false,"template":"","format":"standard","meta":{"ngg_post_thumbnail":0,"jetpack_post_was_ever_published":false,"_jetpack_newsletter_access":"","_jetpack_dont_email_post_to_subs":false,"_jetpack_newsletter_tier_id":0,"_jetpack_memberships_contains_paywalled_content":false,"_jetpack_memberships_contains_paid_content":false,"footnotes":"","jetpack_publicize_message":"","jetpack_publicize_feature_enabled":true,"jetpack_social_post_already_shared":true,"jetpack_social_options":{"image_generator_settings":{"template":"highway","default_image_id":0,"font":"","enabled":false},"version":2}},"categories":[1],"tags":[],"class_list":["post-1646","post","type-post","status-publish","format-standard","hentry","category-non-classe"],"jetpack_publicize_connections":[],"jetpack_featured_media_url":"","jetpack_sharing_enabled":true,"jetpack_shortlink":"https:\/\/wp.me\/p51Dek-qy","_links":{"self":[{"href":"https:\/\/cellieu.fr\/press3\/skcc\/wp-json\/wp\/v2\/posts\/1646","targetHints":{"allow":["GET"]}}],"collection":[{"href":"https:\/\/cellieu.fr\/press3\/skcc\/wp-json\/wp\/v2\/posts"}],"about":[{"href":"https:\/\/cellieu.fr\/press3\/skcc\/wp-json\/wp\/v2\/types\/post"}],"author":[{"embeddable":true,"href":"https:\/\/cellieu.fr\/press3\/skcc\/wp-json\/wp\/v2\/users\/24"}],"replies":[{"embeddable":true,"href":"https:\/\/cellieu.fr\/press3\/skcc\/wp-json\/wp\/v2\/comments?post=1646"}],"version-history":[{"count":1,"href":"https:\/\/cellieu.fr\/press3\/skcc\/wp-json\/wp\/v2\/posts\/1646\/revisions"}],"predecessor-version":[{"id":1647,"href":"https:\/\/cellieu.fr\/press3\/skcc\/wp-json\/wp\/v2\/posts\/1646\/revisions\/1647"}],"wp:attachment":[{"href":"https:\/\/cellieu.fr\/press3\/skcc\/wp-json\/wp\/v2\/media?parent=1646"}],"wp:term":[{"taxonomy":"category","embeddable":true,"href":"https:\/\/cellieu.fr\/press3\/skcc\/wp-json\/wp\/v2\/categories?post=1646"},{"taxonomy":"post_tag","embeddable":true,"href":"https:\/\/cellieu.fr\/press3\/skcc\/wp-json\/wp\/v2\/tags?post=1646"}],"curies":[{"name":"wp","href":"https:\/\/api.w.org\/{rel}","templated":true}]}}