{"id":1835,"date":"2023-02-01T00:15:56","date_gmt":"2023-01-31T23:15:56","guid":{"rendered":"https:\/\/cellieu.fr\/press3\/skcc\/?p=1835"},"modified":"2023-02-01T00:15:56","modified_gmt":"2023-01-31T23:15:56","slug":"photos-et-retour-sur-le-passage-de-grade-du-30-01-2023","status":"publish","type":"post","link":"https:\/\/cellieu.fr\/press3\/skcc\/2023\/02\/01\/photos-et-retour-sur-le-passage-de-grade-du-30-01-2023\/","title":{"rendered":"Photos et retour sur le passage de grade du 30\/01\/2023"},"content":{"rendered":"<p>Ce rendez-vous de mi-saison, attendu mais aussi redout\u00e9 car la volont\u00e9 de bien faire ne suffit parfois pas \u00e0 surmonter le stress d\u2019un passage devant deux tables de jury, a permis d\u2019appr\u00e9cier les progr\u00e8s r\u00e9alis\u00e9s mais aussi du travail qu\u2019il reste \u00e0 faire pour passer au grade sup\u00e9rieur. Certains ont valid\u00e9 d\u00e8s ce passage la demi ceinture ou la ceinture sup\u00e9rieure, d\u2019autres ont valid\u00e9 une ou plusieurs unit\u00e9s de valeur en attendant le passage du mois de juin. C\u2019est la premi\u00e8re saison o\u00f9 les clubs, sous certaines conditions, &nbsp;ont la possibilit\u00e9 de faire passer les \u00e9preuves pour l\u2019obtention de la ceinture noire. Le SKCC avait deux candidats, deux jeunes form\u00e9s au club et c\u2019est brillamment qu\u2019ils ont r\u00e9ussi leur premier dan avec de tr\u00e8s bonnes notes traduisant une s\u00e9rieuse pr\u00e9paration et un tr\u00e8s bon passage. Les heureux laur\u00e9ats sont DAMIZET Antoine et OUTTERICK Antoine, r\u00e9cemment qualifi\u00e9 pour les Championnats de France.<\/p>\n<p><img loading=\"lazy\" decoding=\"async\" class=\"alignnone size-medium wp-image-1828\" src=\"https:\/\/cellieu.fr\/press3\/skcc\/wp-content\/uploads\/sites\/3\/2023\/02\/2-1-300x199.jpg\" alt=\"\" width=\"300\" height=\"199\" srcset=\"https:\/\/cellieu.fr\/press3\/skcc\/wp-content\/uploads\/sites\/3\/2023\/02\/2-1-300x199.jpg 300w, https:\/\/cellieu.fr\/press3\/skcc\/wp-content\/uploads\/sites\/3\/2023\/02\/2-1-1024x681.jpg 1024w, https:\/\/cellieu.fr\/press3\/skcc\/wp-content\/uploads\/sites\/3\/2023\/02\/2-1-768x511.jpg 768w, https:\/\/cellieu.fr\/press3\/skcc\/wp-content\/uploads\/sites\/3\/2023\/02\/2-1-1536x1021.jpg 1536w, https:\/\/cellieu.fr\/press3\/skcc\/wp-content\/uploads\/sites\/3\/2023\/02\/2-1-2048x1362.jpg 2048w, https:\/\/cellieu.fr\/press3\/skcc\/wp-content\/uploads\/sites\/3\/2023\/02\/2-1-2x1.jpg 2w\" sizes=\"auto, (max-width: 300px) 100vw, 300px\" \/><img loading=\"lazy\" decoding=\"async\" class=\"alignnone size-medium wp-image-1826\" src=\"https:\/\/cellieu.fr\/press3\/skcc\/wp-content\/uploads\/sites\/3\/2023\/02\/GRADES-5-300x199.jpg\" alt=\"\" width=\"300\" height=\"199\" srcset=\"https:\/\/cellieu.fr\/press3\/skcc\/wp-content\/uploads\/sites\/3\/2023\/02\/GRADES-5-300x199.jpg 300w, https:\/\/cellieu.fr\/press3\/skcc\/wp-content\/uploads\/sites\/3\/2023\/02\/GRADES-5-1024x681.jpg 1024w, https:\/\/cellieu.fr\/press3\/skcc\/wp-content\/uploads\/sites\/3\/2023\/02\/GRADES-5-768x511.jpg 768w, https:\/\/cellieu.fr\/press3\/skcc\/wp-content\/uploads\/sites\/3\/2023\/02\/GRADES-5-1536x1021.jpg 1536w, https:\/\/cellieu.fr\/press3\/skcc\/wp-content\/uploads\/sites\/3\/2023\/02\/GRADES-5-2048x1362.jpg 2048w, https:\/\/cellieu.fr\/press3\/skcc\/wp-content\/uploads\/sites\/3\/2023\/02\/GRADES-5-2x1.jpg 2w\" sizes=\"auto, (max-width: 300px) 100vw, 300px\" \/><img loading=\"lazy\" decoding=\"async\" class=\"alignnone size-medium wp-image-1829\" src=\"https:\/\/cellieu.fr\/press3\/skcc\/wp-content\/uploads\/sites\/3\/2023\/02\/GRADES-3-1-300x199.jpg\" alt=\"\" width=\"300\" height=\"199\" srcset=\"https:\/\/cellieu.fr\/press3\/skcc\/wp-content\/uploads\/sites\/3\/2023\/02\/GRADES-3-1-300x199.jpg 300w, https:\/\/cellieu.fr\/press3\/skcc\/wp-content\/uploads\/sites\/3\/2023\/02\/GRADES-3-1-1024x681.jpg 1024w, https:\/\/cellieu.fr\/press3\/skcc\/wp-content\/uploads\/sites\/3\/2023\/02\/GRADES-3-1-768x511.jpg 768w, https:\/\/cellieu.fr\/press3\/skcc\/wp-content\/uploads\/sites\/3\/2023\/02\/GRADES-3-1-1536x1021.jpg 1536w, https:\/\/cellieu.fr\/press3\/skcc\/wp-content\/uploads\/sites\/3\/2023\/02\/GRADES-3-1-2048x1362.jpg 2048w, https:\/\/cellieu.fr\/press3\/skcc\/wp-content\/uploads\/sites\/3\/2023\/02\/GRADES-3-1-2x1.jpg 2w\" sizes=\"auto, (max-width: 300px) 100vw, 300px\" \/><\/p>\n","protected":false},"excerpt":{"rendered":"<p>Ce rendez-vous de mi-saison, attendu mais aussi redout\u00e9 car la volont\u00e9 de bien faire ne suffit parfois pas \u00e0 surmonter le stress d\u2019un passage devant deux tables de jury, a permis d\u2019appr\u00e9cier les progr\u00e8s r\u00e9alis\u00e9s mais aussi du travail qu\u2019il reste \u00e0 faire pour passer au grade sup\u00e9rieur. Certains ont valid\u00e9 d\u00e8s ce passage la [&hellip;]<\/p>\n","protected":false},"author":24,"featured_media":0,"comment_status":"open","ping_status":"open","sticky":false,"template":"","format":"standard","meta":{"ngg_post_thumbnail":0,"jetpack_post_was_ever_published":false,"_jetpack_newsletter_access":"","_jetpack_dont_email_post_to_subs":false,"_jetpack_newsletter_tier_id":0,"_jetpack_memberships_contains_paywalled_content":false,"_jetpack_memberships_contains_paid_content":false,"footnotes":"","jetpack_publicize_message":"","jetpack_publicize_feature_enabled":true,"jetpack_social_post_already_shared":true,"jetpack_social_options":{"image_generator_settings":{"template":"highway","default_image_id":0,"font":"","enabled":false},"version":2}},"categories":[1],"tags":[],"class_list":["post-1835","post","type-post","status-publish","format-standard","hentry","category-non-classe"],"jetpack_publicize_connections":[],"jetpack_featured_media_url":"","jetpack_sharing_enabled":true,"jetpack_shortlink":"https:\/\/wp.me\/p51Dek-tB","_links":{"self":[{"href":"https:\/\/cellieu.fr\/press3\/skcc\/wp-json\/wp\/v2\/posts\/1835","targetHints":{"allow":["GET"]}}],"collection":[{"href":"https:\/\/cellieu.fr\/press3\/skcc\/wp-json\/wp\/v2\/posts"}],"about":[{"href":"https:\/\/cellieu.fr\/press3\/skcc\/wp-json\/wp\/v2\/types\/post"}],"author":[{"embeddable":true,"href":"https:\/\/cellieu.fr\/press3\/skcc\/wp-json\/wp\/v2\/users\/24"}],"replies":[{"embeddable":true,"href":"https:\/\/cellieu.fr\/press3\/skcc\/wp-json\/wp\/v2\/comments?post=1835"}],"version-history":[{"count":1,"href":"https:\/\/cellieu.fr\/press3\/skcc\/wp-json\/wp\/v2\/posts\/1835\/revisions"}],"predecessor-version":[{"id":1836,"href":"https:\/\/cellieu.fr\/press3\/skcc\/wp-json\/wp\/v2\/posts\/1835\/revisions\/1836"}],"wp:attachment":[{"href":"https:\/\/cellieu.fr\/press3\/skcc\/wp-json\/wp\/v2\/media?parent=1835"}],"wp:term":[{"taxonomy":"category","embeddable":true,"href":"https:\/\/cellieu.fr\/press3\/skcc\/wp-json\/wp\/v2\/categories?post=1835"},{"taxonomy":"post_tag","embeddable":true,"href":"https:\/\/cellieu.fr\/press3\/skcc\/wp-json\/wp\/v2\/tags?post=1835"}],"curies":[{"name":"wp","href":"https:\/\/api.w.org\/{rel}","templated":true}]}}