{"id":2030,"date":"2024-02-05T21:57:17","date_gmt":"2024-02-05T20:57:17","guid":{"rendered":"https:\/\/cellieu.fr\/press3\/skcc\/?p=2030"},"modified":"2024-02-05T21:57:17","modified_gmt":"2024-02-05T20:57:17","slug":"resultats-ligue-regionale-kumite","status":"publish","type":"post","link":"https:\/\/cellieu.fr\/press3\/skcc\/2024\/02\/05\/resultats-ligue-regionale-kumite\/","title":{"rendered":"R\u00e9sultats ligue r\u00e9gionale kumit\u00e9"},"content":{"rendered":"<div class=\"xdj266r x11i5rnm xat24cr x1mh8g0r x1vvkbs x126k92a\">\n<div dir=\"auto\">Voil\u00e0 un petit r\u00e9sum\u00e9 de nos athl\u00e8tes concernant les championnats de ligue r\u00e9gionale \u00e0 CEYRAT ( Clermont-Ferrand ) s\u00e9lectifs pour les championnats de France <span class=\"x3nfvp2 x1j61x8r x1fcty0u xdj266r xhhsvwb xat24cr xgzva0m xxymvpz xlup9mm x1kky2od\"><img loading=\"lazy\" decoding=\"async\" class=\"xz74otr\" src=\"https:\/\/static.xx.fbcdn.net\/images\/emoji.php\/v9\/td\/1.5\/16\/1f1eb_1f1f7.png\" alt=\"&#x1f1eb;&#x1f1f7;\" width=\"16\" height=\"16\"><\/span>.<\/div>\n<\/div>\n<div class=\"x11i5rnm xat24cr x1mh8g0r x1vvkbs xtlvy1s x126k92a\">\n<div dir=\"auto\">&#8211; En cat\u00e9gorie minimes, Hakim termine 1er <span class=\"x3nfvp2 x1j61x8r x1fcty0u xdj266r xhhsvwb xat24cr xgzva0m xxymvpz xlup9mm x1kky2od\"><img loading=\"lazy\" decoding=\"async\" class=\"xz74otr\" src=\"https:\/\/static.xx.fbcdn.net\/images\/emoji.php\/v9\/ted\/1.5\/16\/1f947.png\" alt=\"&#x1f947;\" width=\"16\" height=\"16\"><\/span><\/div>\n<\/div>\n<div class=\"x11i5rnm xat24cr x1mh8g0r x1vvkbs xtlvy1s x126k92a\">\n<div dir=\"auto\">&#8211; En cat\u00e9gorie cadettes et juniors surclassement, Syrine termine doublement 1\u00e8re <span class=\"x3nfvp2 x1j61x8r x1fcty0u xdj266r xhhsvwb xat24cr xgzva0m xxymvpz xlup9mm x1kky2od\"><img loading=\"lazy\" decoding=\"async\" class=\"xz74otr\" src=\"https:\/\/static.xx.fbcdn.net\/images\/emoji.php\/v9\/ted\/1.5\/16\/1f947.png\" alt=\"&#x1f947;\" width=\"16\" height=\"16\"><\/span>.<\/div>\n<\/div>\n<div class=\"x11i5rnm xat24cr x1mh8g0r x1vvkbs xtlvy1s x126k92a\">\n<div dir=\"auto\">&#8211; En cat\u00e9gorie cadets -63kg, Antoine m\u00e8ne son combat 3-1 et se fait disqualifi\u00e9 pour un Mawashi Jodan jambe arri\u00e8re non contr\u00f4l\u00e9 ( son adversaire assomm\u00e9 mais conscient ). Nous sommes all\u00e9s le voir pour prendre des nouvelles et se porte bien <span class=\"x3nfvp2 x1j61x8r x1fcty0u xdj266r xhhsvwb xat24cr xgzva0m xxymvpz xlup9mm x1kky2od\"><img loading=\"lazy\" decoding=\"async\" class=\"xz74otr\" src=\"https:\/\/static.xx.fbcdn.net\/images\/emoji.php\/v9\/t55\/1.5\/16\/1f44d.png\" alt=\"&#x1f44d;\" width=\"16\" height=\"16\"><\/span>.<\/div>\n<div dir=\"auto\">Du coup, \u00e9tant donn\u00e9 qu\u2019il sort au premier tour, il combat donc en deuxi\u00e8me division.<\/div>\n<div dir=\"auto\">Antoine gagne ses 3 combats, termine donc 1er <span class=\"x3nfvp2 x1j61x8r x1fcty0u xdj266r xhhsvwb xat24cr xgzva0m xxymvpz xlup9mm x1kky2od\"><img loading=\"lazy\" decoding=\"async\" class=\"xz74otr\" src=\"https:\/\/static.xx.fbcdn.net\/images\/emoji.php\/v9\/ted\/1.5\/16\/1f947.png\" alt=\"&#x1f947;\" width=\"16\" height=\"16\"><\/span> en deuxi\u00e8me division et se qualifie au chpt de France.<\/div>\n<div dir=\"auto\">Noa termine 2\u00e8me <span class=\"x3nfvp2 x1j61x8r x1fcty0u xdj266r xhhsvwb xat24cr xgzva0m xxymvpz xlup9mm x1kky2od\"><img loading=\"lazy\" decoding=\"async\" class=\"xz74otr\" src=\"https:\/\/static.xx.fbcdn.net\/images\/emoji.php\/v9\/t6e\/1.5\/16\/1f948.png\" alt=\"&#x1f948;\" width=\"16\" height=\"16\"><\/span> en 1\u00e8re division dans sa cat\u00e9gorie moins de 70 kg, il perd sa finale face au Vice champion de France de sa cat\u00e9gorie ( tr\u00e8s bonne exp\u00e9rience en finale ).<\/div>\n<\/div>\n<div class=\"x11i5rnm xat24cr x1mh8g0r x1vvkbs xtlvy1s x126k92a\">\n<div dir=\"auto\">Pour votre information, depuis cette saison, il y aura dor\u00e9navant les 4 premiers en division 1 et les 4 premiers en division 2 qui se qualifie pour les championnats de France.<\/div>\n<\/div>\n<div class=\"x11i5rnm xat24cr x1mh8g0r x1vvkbs xtlvy1s x126k92a\">\n<div dir=\"auto\">La comp\u00e9tition \u00e9tait donc tr\u00e8s tr\u00e8s longue plus qu\u2019\u00e0 la d\u00e9marr\u00e9 pour ma part a 8h du matin jusqu\u2019\u00e0 20h45 <span class=\"x3nfvp2 x1j61x8r x1fcty0u xdj266r xhhsvwb xat24cr xgzva0m xxymvpz xlup9mm x1kky2od\"><img loading=\"lazy\" decoding=\"async\" class=\"xz74otr\" src=\"https:\/\/static.xx.fbcdn.net\/images\/emoji.php\/v9\/tac\/1.5\/16\/1f605.png\" alt=\"&#x1f605;\" width=\"16\" height=\"16\"><\/span> mais vu le travail r\u00e9alis\u00e9 des athl\u00e8tes, je n\u2019ai pas ressenti de fatigue, sauf en rentrant \u00e0 la maison, je me suis \u00e9croul\u00e9 <span class=\"x3nfvp2 x1j61x8r x1fcty0u xdj266r xhhsvwb xat24cr xgzva0m xxymvpz xlup9mm x1kky2od\"><img loading=\"lazy\" decoding=\"async\" class=\"xz74otr\" src=\"https:\/\/static.xx.fbcdn.net\/images\/emoji.php\/v9\/t29\/1.5\/16\/1f602.png\" alt=\"&#x1f602;\" width=\"16\" height=\"16\"><\/span>.<\/div>\n<\/div>\n<div class=\"x11i5rnm xat24cr x1mh8g0r x1vvkbs xtlvy1s x126k92a\">\n<div dir=\"auto\">\u00ab Tr\u00e8s honn\u00eatement, on a d\u00e9j\u00e0 fait du bon travail auparavant en comp\u00e9tition, mais je retiendrai en m\u00e9moire cette comp\u00e9tition o\u00f9 les athl\u00e8tes ont su d\u00e9velopp\u00e9 un travail tr\u00e8s propre, engag\u00e9 avec un super \u00e9tat d\u2019esprit et ont donn\u00e9 une tr\u00e8s bonne image du Club \u00bb explique Abb\u00e8s, coach des comp\u00e9titeurs.<\/div>\n<\/div>\n<div class=\"x11i5rnm xat24cr x1mh8g0r x1vvkbs xtlvy1s x126k92a\">\n<div dir=\"auto\">En route pour la derni\u00e8re ligne droite pr\u00e9vue le 21\/04 pour les cadets \u00e0 Montauban et le 28\/04 pour les minimes \u00e0 Vannes.<\/div>\n<\/div>\n<div dir=\"auto\">&nbsp;<\/div>\n<div dir=\"auto\"><img loading=\"lazy\" decoding=\"async\" class=\"alignnone size-medium wp-image-2024\" src=\"https:\/\/cellieu.fr\/press3\/skcc\/wp-content\/uploads\/sites\/3\/2024\/02\/424722871_844797157658226_1541111816074204290_n-169x300.jpg\" alt=\"\" width=\"169\" height=\"300\" srcset=\"https:\/\/cellieu.fr\/press3\/skcc\/wp-content\/uploads\/sites\/3\/2024\/02\/424722871_844797157658226_1541111816074204290_n-169x300.jpg 169w, https:\/\/cellieu.fr\/press3\/skcc\/wp-content\/uploads\/sites\/3\/2024\/02\/424722871_844797157658226_1541111816074204290_n-577x1024.jpg 577w, https:\/\/cellieu.fr\/press3\/skcc\/wp-content\/uploads\/sites\/3\/2024\/02\/424722871_844797157658226_1541111816074204290_n-1x1.jpg 1w, https:\/\/cellieu.fr\/press3\/skcc\/wp-content\/uploads\/sites\/3\/2024\/02\/424722871_844797157658226_1541111816074204290_n.jpg 640w\" sizes=\"auto, (max-width: 169px) 100vw, 169px\" \/> <img loading=\"lazy\" decoding=\"async\" class=\"alignnone size-medium wp-image-2025\" src=\"https:\/\/cellieu.fr\/press3\/skcc\/wp-content\/uploads\/sites\/3\/2024\/02\/422006518_844797167658225_4468736217328590632_n-300x218.jpg\" alt=\"\" width=\"300\" height=\"218\" srcset=\"https:\/\/cellieu.fr\/press3\/skcc\/wp-content\/uploads\/sites\/3\/2024\/02\/422006518_844797167658225_4468736217328590632_n-300x218.jpg 300w, https:\/\/cellieu.fr\/press3\/skcc\/wp-content\/uploads\/sites\/3\/2024\/02\/422006518_844797167658225_4468736217328590632_n-1x1.jpg 1w, https:\/\/cellieu.fr\/press3\/skcc\/wp-content\/uploads\/sites\/3\/2024\/02\/422006518_844797167658225_4468736217328590632_n.jpg 640w\" sizes=\"auto, (max-width: 300px) 100vw, 300px\" \/> <img loading=\"lazy\" decoding=\"async\" class=\"alignnone size-medium wp-image-2026\" src=\"https:\/\/cellieu.fr\/press3\/skcc\/wp-content\/uploads\/sites\/3\/2024\/02\/421948274_844797174324891_6867770233731559136_n-219x300.jpg\" alt=\"\" width=\"219\" height=\"300\" srcset=\"https:\/\/cellieu.fr\/press3\/skcc\/wp-content\/uploads\/sites\/3\/2024\/02\/421948274_844797174324891_6867770233731559136_n-219x300.jpg 219w, https:\/\/cellieu.fr\/press3\/skcc\/wp-content\/uploads\/sites\/3\/2024\/02\/421948274_844797174324891_6867770233731559136_n-1x1.jpg 1w, https:\/\/cellieu.fr\/press3\/skcc\/wp-content\/uploads\/sites\/3\/2024\/02\/421948274_844797174324891_6867770233731559136_n.jpg 640w\" sizes=\"auto, (max-width: 219px) 100vw, 219px\" \/> <img loading=\"lazy\" decoding=\"async\" class=\"alignnone size-medium wp-image-2027\" src=\"https:\/\/cellieu.fr\/press3\/skcc\/wp-content\/uploads\/sites\/3\/2024\/02\/421942502_844797160991559_8677889239570186443_n-169x300.jpg\" alt=\"\" width=\"169\" height=\"300\" srcset=\"https:\/\/cellieu.fr\/press3\/skcc\/wp-content\/uploads\/sites\/3\/2024\/02\/421942502_844797160991559_8677889239570186443_n-169x300.jpg 169w, https:\/\/cellieu.fr\/press3\/skcc\/wp-content\/uploads\/sites\/3\/2024\/02\/421942502_844797160991559_8677889239570186443_n-577x1024.jpg 577w, https:\/\/cellieu.fr\/press3\/skcc\/wp-content\/uploads\/sites\/3\/2024\/02\/421942502_844797160991559_8677889239570186443_n-1x1.jpg 1w, https:\/\/cellieu.fr\/press3\/skcc\/wp-content\/uploads\/sites\/3\/2024\/02\/421942502_844797160991559_8677889239570186443_n.jpg 640w\" sizes=\"auto, (max-width: 169px) 100vw, 169px\" \/> <img loading=\"lazy\" decoding=\"async\" class=\"alignnone size-medium wp-image-2028\" src=\"https:\/\/cellieu.fr\/press3\/skcc\/wp-content\/uploads\/sites\/3\/2024\/02\/424686250_844797164324892_2741729649974773509_n-300x200.jpg\" alt=\"\" width=\"300\" height=\"200\" srcset=\"https:\/\/cellieu.fr\/press3\/skcc\/wp-content\/uploads\/sites\/3\/2024\/02\/424686250_844797164324892_2741729649974773509_n-300x200.jpg 300w, https:\/\/cellieu.fr\/press3\/skcc\/wp-content\/uploads\/sites\/3\/2024\/02\/424686250_844797164324892_2741729649974773509_n-1x1.jpg 1w, https:\/\/cellieu.fr\/press3\/skcc\/wp-content\/uploads\/sites\/3\/2024\/02\/424686250_844797164324892_2741729649974773509_n.jpg 640w\" sizes=\"auto, (max-width: 300px) 100vw, 300px\" \/> <img loading=\"lazy\" decoding=\"async\" class=\"alignnone size-medium wp-image-2029\" src=\"https:\/\/cellieu.fr\/press3\/skcc\/wp-content\/uploads\/sites\/3\/2024\/02\/425263563_844797170991558_4822559782870608425_n-300x225.jpg\" alt=\"\" width=\"300\" height=\"225\" srcset=\"https:\/\/cellieu.fr\/press3\/skcc\/wp-content\/uploads\/sites\/3\/2024\/02\/425263563_844797170991558_4822559782870608425_n-300x225.jpg 300w, https:\/\/cellieu.fr\/press3\/skcc\/wp-content\/uploads\/sites\/3\/2024\/02\/425263563_844797170991558_4822559782870608425_n-1x1.jpg 1w, https:\/\/cellieu.fr\/press3\/skcc\/wp-content\/uploads\/sites\/3\/2024\/02\/425263563_844797170991558_4822559782870608425_n.jpg 640w\" sizes=\"auto, (max-width: 300px) 100vw, 300px\" \/><\/div>\n","protected":false},"excerpt":{"rendered":"<p>Voil\u00e0 un petit r\u00e9sum\u00e9 de nos athl\u00e8tes concernant les championnats de ligue r\u00e9gionale \u00e0 CEYRAT ( Clermont-Ferrand ) s\u00e9lectifs pour les championnats de France . &#8211; En cat\u00e9gorie minimes, Hakim termine 1er &#8211; En cat\u00e9gorie cadettes et juniors surclassement, Syrine termine doublement 1\u00e8re . &#8211; En cat\u00e9gorie cadets -63kg, Antoine m\u00e8ne son combat 3-1 et [&hellip;]<\/p>\n","protected":false},"author":24,"featured_media":0,"comment_status":"open","ping_status":"open","sticky":false,"template":"","format":"standard","meta":{"ngg_post_thumbnail":0,"jetpack_post_was_ever_published":false,"_jetpack_newsletter_access":"","_jetpack_dont_email_post_to_subs":false,"_jetpack_newsletter_tier_id":0,"_jetpack_memberships_contains_paywalled_content":false,"_jetpack_memberships_contains_paid_content":false,"footnotes":"","jetpack_publicize_message":"","jetpack_publicize_feature_enabled":true,"jetpack_social_post_already_shared":true,"jetpack_social_options":{"image_generator_settings":{"template":"highway","default_image_id":0,"font":"","enabled":false},"version":2}},"categories":[1],"tags":[],"class_list":["post-2030","post","type-post","status-publish","format-standard","hentry","category-non-classe"],"jetpack_publicize_connections":[],"jetpack_featured_media_url":"","jetpack_sharing_enabled":true,"jetpack_shortlink":"https:\/\/wp.me\/p51Dek-wK","_links":{"self":[{"href":"https:\/\/cellieu.fr\/press3\/skcc\/wp-json\/wp\/v2\/posts\/2030","targetHints":{"allow":["GET"]}}],"collection":[{"href":"https:\/\/cellieu.fr\/press3\/skcc\/wp-json\/wp\/v2\/posts"}],"about":[{"href":"https:\/\/cellieu.fr\/press3\/skcc\/wp-json\/wp\/v2\/types\/post"}],"author":[{"embeddable":true,"href":"https:\/\/cellieu.fr\/press3\/skcc\/wp-json\/wp\/v2\/users\/24"}],"replies":[{"embeddable":true,"href":"https:\/\/cellieu.fr\/press3\/skcc\/wp-json\/wp\/v2\/comments?post=2030"}],"version-history":[{"count":1,"href":"https:\/\/cellieu.fr\/press3\/skcc\/wp-json\/wp\/v2\/posts\/2030\/revisions"}],"predecessor-version":[{"id":2031,"href":"https:\/\/cellieu.fr\/press3\/skcc\/wp-json\/wp\/v2\/posts\/2030\/revisions\/2031"}],"wp:attachment":[{"href":"https:\/\/cellieu.fr\/press3\/skcc\/wp-json\/wp\/v2\/media?parent=2030"}],"wp:term":[{"taxonomy":"category","embeddable":true,"href":"https:\/\/cellieu.fr\/press3\/skcc\/wp-json\/wp\/v2\/categories?post=2030"},{"taxonomy":"post_tag","embeddable":true,"href":"https:\/\/cellieu.fr\/press3\/skcc\/wp-json\/wp\/v2\/tags?post=2030"}],"curies":[{"name":"wp","href":"https:\/\/api.w.org\/{rel}","templated":true}]}}