{"id":2293,"date":"2024-11-13T22:16:48","date_gmt":"2024-11-13T21:16:48","guid":{"rendered":"https:\/\/cellieu.fr\/press3\/skcc\/?p=2293"},"modified":"2024-11-13T22:16:48","modified_gmt":"2024-11-13T21:16:48","slug":"assemblees-generales-2","status":"publish","type":"post","link":"https:\/\/cellieu.fr\/press3\/skcc\/2024\/11\/13\/assemblees-generales-2\/","title":{"rendered":"Assembl\u00e9es g\u00e9n\u00e9rales"},"content":{"rendered":"<p>Nous vous informons de la tenue de deux assembl\u00e9es g\u00e9n\u00e9rales le mercredi 04 d\u00e9cembre 2024 \u00e0 19h15 au dojo sakura :<\/p>\n<p>&#8211; Ordre du jour AG Ordinaire : Rapport moral \u2013 Rapport financier \u2013 questions diverses.<br \/>\n&#8211; Ordre du jour AG Extraordinaire : Election des membres du bureau directeur du club.<\/p>\n<p>Dur\u00e9e 30 Min et verre de l&rsquo;amiti\u00e9 pour cl\u00f4turer ce moment ensemble.<\/p>\n<p>Ci joint la convocation et le bon pour pouvoir ainsi que le formulaire de candidature pour les personnes qui d\u00e9sir int\u00e9grer le bureau.<\/p>\n<p>Des exemplaires papiers sont disponibles au bureau.<\/p>\n<p><img loading=\"lazy\" decoding=\"async\" class=\"alignnone size-medium wp-image-2292\" src=\"https:\/\/cellieu.fr\/press3\/skcc\/wp-content\/uploads\/sites\/3\/2024\/11\/Capture-decran-2024-11-13-220409-212x300.png\" alt=\"\" width=\"212\" height=\"300\" srcset=\"https:\/\/cellieu.fr\/press3\/skcc\/wp-content\/uploads\/sites\/3\/2024\/11\/Capture-decran-2024-11-13-220409-212x300.png 212w, https:\/\/cellieu.fr\/press3\/skcc\/wp-content\/uploads\/sites\/3\/2024\/11\/Capture-decran-2024-11-13-220409-722x1024.png 722w, https:\/\/cellieu.fr\/press3\/skcc\/wp-content\/uploads\/sites\/3\/2024\/11\/Capture-decran-2024-11-13-220409-1x1.png 1w, https:\/\/cellieu.fr\/press3\/skcc\/wp-content\/uploads\/sites\/3\/2024\/11\/Capture-decran-2024-11-13-220409.png 729w\" sizes=\"auto, (max-width: 212px) 100vw, 212px\" \/> <img loading=\"lazy\" decoding=\"async\" class=\"alignnone size-medium wp-image-2291\" src=\"https:\/\/cellieu.fr\/press3\/skcc\/wp-content\/uploads\/sites\/3\/2024\/11\/Capture-decran-2024-11-13-220434-210x300.png\" alt=\"\" width=\"210\" height=\"300\" srcset=\"https:\/\/cellieu.fr\/press3\/skcc\/wp-content\/uploads\/sites\/3\/2024\/11\/Capture-decran-2024-11-13-220434-210x300.png 210w, https:\/\/cellieu.fr\/press3\/skcc\/wp-content\/uploads\/sites\/3\/2024\/11\/Capture-decran-2024-11-13-220434-717x1024.png 717w, https:\/\/cellieu.fr\/press3\/skcc\/wp-content\/uploads\/sites\/3\/2024\/11\/Capture-decran-2024-11-13-220434-1x1.png 1w, https:\/\/cellieu.fr\/press3\/skcc\/wp-content\/uploads\/sites\/3\/2024\/11\/Capture-decran-2024-11-13-220434.png 720w\" sizes=\"auto, (max-width: 210px) 100vw, 210px\" \/><\/p>\n<p>&nbsp;<\/p>\n<p>&nbsp;<\/p>\n","protected":false},"excerpt":{"rendered":"<p>Nous vous informons de la tenue de deux assembl\u00e9es g\u00e9n\u00e9rales le mercredi 04 d\u00e9cembre 2024 \u00e0 19h15 au dojo sakura : &#8211; Ordre du jour AG Ordinaire : Rapport moral \u2013 Rapport financier \u2013 questions diverses. &#8211; Ordre du jour AG Extraordinaire : Election des membres du bureau directeur du club. Dur\u00e9e 30 Min et [&hellip;]<\/p>\n","protected":false},"author":24,"featured_media":0,"comment_status":"open","ping_status":"open","sticky":false,"template":"","format":"standard","meta":{"ngg_post_thumbnail":0,"jetpack_post_was_ever_published":false,"_jetpack_newsletter_access":"","_jetpack_dont_email_post_to_subs":false,"_jetpack_newsletter_tier_id":0,"_jetpack_memberships_contains_paywalled_content":false,"_jetpack_memberships_contains_paid_content":false,"footnotes":"","jetpack_publicize_message":"","jetpack_publicize_feature_enabled":true,"jetpack_social_post_already_shared":true,"jetpack_social_options":{"image_generator_settings":{"template":"highway","default_image_id":0,"font":"","enabled":false},"version":2}},"categories":[1],"tags":[],"class_list":["post-2293","post","type-post","status-publish","format-standard","hentry","category-non-classe"],"jetpack_publicize_connections":[],"jetpack_featured_media_url":"","jetpack_sharing_enabled":true,"jetpack_shortlink":"https:\/\/wp.me\/p51Dek-AZ","_links":{"self":[{"href":"https:\/\/cellieu.fr\/press3\/skcc\/wp-json\/wp\/v2\/posts\/2293","targetHints":{"allow":["GET"]}}],"collection":[{"href":"https:\/\/cellieu.fr\/press3\/skcc\/wp-json\/wp\/v2\/posts"}],"about":[{"href":"https:\/\/cellieu.fr\/press3\/skcc\/wp-json\/wp\/v2\/types\/post"}],"author":[{"embeddable":true,"href":"https:\/\/cellieu.fr\/press3\/skcc\/wp-json\/wp\/v2\/users\/24"}],"replies":[{"embeddable":true,"href":"https:\/\/cellieu.fr\/press3\/skcc\/wp-json\/wp\/v2\/comments?post=2293"}],"version-history":[{"count":1,"href":"https:\/\/cellieu.fr\/press3\/skcc\/wp-json\/wp\/v2\/posts\/2293\/revisions"}],"predecessor-version":[{"id":2294,"href":"https:\/\/cellieu.fr\/press3\/skcc\/wp-json\/wp\/v2\/posts\/2293\/revisions\/2294"}],"wp:attachment":[{"href":"https:\/\/cellieu.fr\/press3\/skcc\/wp-json\/wp\/v2\/media?parent=2293"}],"wp:term":[{"taxonomy":"category","embeddable":true,"href":"https:\/\/cellieu.fr\/press3\/skcc\/wp-json\/wp\/v2\/categories?post=2293"},{"taxonomy":"post_tag","embeddable":true,"href":"https:\/\/cellieu.fr\/press3\/skcc\/wp-json\/wp\/v2\/tags?post=2293"}],"curies":[{"name":"wp","href":"https:\/\/api.w.org\/{rel}","templated":true}]}}