{"id":2499,"date":"2025-03-10T20:50:36","date_gmt":"2025-03-10T19:50:36","guid":{"rendered":"https:\/\/cellieu.fr\/press3\/skcc\/?p=2499"},"modified":"2025-03-10T20:50:36","modified_gmt":"2025-03-10T19:50:36","slug":"retour-stage-journee-de-la-femme-comite-de-la-loire","status":"publish","type":"post","link":"https:\/\/cellieu.fr\/press3\/skcc\/2025\/03\/10\/retour-stage-journee-de-la-femme-comite-de-la-loire\/","title":{"rendered":"retour stage journ\u00e9e de la femme comit\u00e9 de la loire"},"content":{"rendered":"<p>stage organis\u00e9 par le comit\u00e9 d\u00e9partementale de la loire de karat\u00e9 le 09-03-2025 \u00e0 firminy<\/p>\n<p>30 participants :15 enfants et 15 adultes<\/p>\n<p>anim\u00e9 par :<\/p>\n<p>Emel GENCER ( kata)<\/p>\n<p>Ch\u00e9rine RIFQI (kumit\u00e9)<\/p>\n<p>Charl\u00e8ne Goy (contact)<\/p>\n<p><img loading=\"lazy\" decoding=\"async\" class=\"alignnone size-medium wp-image-2498\" src=\"https:\/\/cellieu.fr\/press3\/skcc\/wp-content\/uploads\/sites\/3\/2025\/03\/photo_1-300x225.jpeg\" alt=\"\" width=\"300\" height=\"225\" srcset=\"https:\/\/cellieu.fr\/press3\/skcc\/wp-content\/uploads\/sites\/3\/2025\/03\/photo_1-300x225.jpeg 300w, https:\/\/cellieu.fr\/press3\/skcc\/wp-content\/uploads\/sites\/3\/2025\/03\/photo_1-1024x769.jpeg 1024w, https:\/\/cellieu.fr\/press3\/skcc\/wp-content\/uploads\/sites\/3\/2025\/03\/photo_1-768x577.jpeg 768w, https:\/\/cellieu.fr\/press3\/skcc\/wp-content\/uploads\/sites\/3\/2025\/03\/photo_1-1x1.jpeg 1w, https:\/\/cellieu.fr\/press3\/skcc\/wp-content\/uploads\/sites\/3\/2025\/03\/photo_1.jpeg 1103w\" sizes=\"auto, (max-width: 300px) 100vw, 300px\" \/><\/p>\n","protected":false},"excerpt":{"rendered":"<p>stage organis\u00e9 par le comit\u00e9 d\u00e9partementale de la loire de karat\u00e9 le 09-03-2025 \u00e0 firminy 30 participants :15 enfants et 15 adultes anim\u00e9 par : Emel GENCER ( kata) Ch\u00e9rine RIFQI (kumit\u00e9) Charl\u00e8ne Goy (contact)<\/p>\n","protected":false},"author":24,"featured_media":0,"comment_status":"open","ping_status":"open","sticky":false,"template":"","format":"standard","meta":{"ngg_post_thumbnail":0,"jetpack_post_was_ever_published":false,"_jetpack_newsletter_access":"","_jetpack_dont_email_post_to_subs":false,"_jetpack_newsletter_tier_id":0,"_jetpack_memberships_contains_paywalled_content":false,"_jetpack_memberships_contains_paid_content":false,"footnotes":"","jetpack_publicize_message":"","jetpack_publicize_feature_enabled":true,"jetpack_social_post_already_shared":true,"jetpack_social_options":{"image_generator_settings":{"template":"highway","default_image_id":0,"font":"","enabled":false},"version":2}},"categories":[1],"tags":[],"class_list":["post-2499","post","type-post","status-publish","format-standard","hentry","category-non-classe"],"jetpack_publicize_connections":[],"jetpack_featured_media_url":"","jetpack_sharing_enabled":true,"jetpack_shortlink":"https:\/\/wp.me\/p51Dek-Ej","_links":{"self":[{"href":"https:\/\/cellieu.fr\/press3\/skcc\/wp-json\/wp\/v2\/posts\/2499","targetHints":{"allow":["GET"]}}],"collection":[{"href":"https:\/\/cellieu.fr\/press3\/skcc\/wp-json\/wp\/v2\/posts"}],"about":[{"href":"https:\/\/cellieu.fr\/press3\/skcc\/wp-json\/wp\/v2\/types\/post"}],"author":[{"embeddable":true,"href":"https:\/\/cellieu.fr\/press3\/skcc\/wp-json\/wp\/v2\/users\/24"}],"replies":[{"embeddable":true,"href":"https:\/\/cellieu.fr\/press3\/skcc\/wp-json\/wp\/v2\/comments?post=2499"}],"version-history":[{"count":1,"href":"https:\/\/cellieu.fr\/press3\/skcc\/wp-json\/wp\/v2\/posts\/2499\/revisions"}],"predecessor-version":[{"id":2500,"href":"https:\/\/cellieu.fr\/press3\/skcc\/wp-json\/wp\/v2\/posts\/2499\/revisions\/2500"}],"wp:attachment":[{"href":"https:\/\/cellieu.fr\/press3\/skcc\/wp-json\/wp\/v2\/media?parent=2499"}],"wp:term":[{"taxonomy":"category","embeddable":true,"href":"https:\/\/cellieu.fr\/press3\/skcc\/wp-json\/wp\/v2\/categories?post=2499"},{"taxonomy":"post_tag","embeddable":true,"href":"https:\/\/cellieu.fr\/press3\/skcc\/wp-json\/wp\/v2\/tags?post=2499"}],"curies":[{"name":"wp","href":"https:\/\/api.w.org\/{rel}","templated":true}]}}